{"id":11244,"date":"2022-04-18T14:52:00","date_gmt":"2022-04-18T13:52:00","guid":{"rendered":"https:\/\/bojornal.pt\/?p=11244"},"modified":"2022-06-12T12:56:47","modified_gmt":"2022-06-12T11:56:47","slug":"alunos-do-campo-redondo-e-de-s-tiago-participam-em-comunhao-pascal","status":"publish","type":"post","link":"https:\/\/bojornal.pt\/?p=11244","title":{"rendered":"Alunos do Campo Redondo e de S. Tiago participam em Comunh\u00e3o Pascal"},"content":{"rendered":"\n<p><strong><em>Este ano, o tema foi: &#8220;Reconstruir a Paz&#8221;<\/em><\/strong><\/p>\n\n\n\n<figure class=\"wp-block-image size-full is-style-default\"><img loading=\"lazy\" decoding=\"async\" width=\"876\" height=\"657\" src=\"https:\/\/bojornal.pt\/wp-content\/uploads\/2022\/04\/Comunhao-Pascal-Campo-Redondo.jpg\" alt=\"\" class=\"wp-image-11245\" srcset=\"https:\/\/bojornal.pt\/wp-content\/uploads\/2022\/04\/Comunhao-Pascal-Campo-Redondo.jpg 876w, https:\/\/bojornal.pt\/wp-content\/uploads\/2022\/04\/Comunhao-Pascal-Campo-Redondo-300x225.jpg 300w, https:\/\/bojornal.pt\/wp-content\/uploads\/2022\/04\/Comunhao-Pascal-Campo-Redondo-150x113.jpg 150w, https:\/\/bojornal.pt\/wp-content\/uploads\/2022\/04\/Comunhao-Pascal-Campo-Redondo-768x576.jpg 768w\" sizes=\"auto, (max-width: 876px) 100vw, 876px\" \/><figcaption><em>Os alunos do Jardim de Inf\u00e2ncia de S.Tiago<\/em><\/figcaption><\/figure>\n\n\n\n<p>Os alunos da Escola B\u00e1sica do Campo Redondo e do Jardim de Inf\u00e2ncia de S. Tiago celebraram a Comunh\u00e3o Pascal, este ano, sob o tema: &#8220;Reconstruir a Paz&#8221;. Esta iniciativa realizada no passado dia 7 de abril, na Igreja de S. Tiago, contou com a envolv\u00eancia da comunidade escolar que sensibilizou os participantes para a import\u00e2ncia da paz no mundo. Os alunos da escola do Campo Redondo participaram na liturgia da celebra\u00e7\u00e3o e encena\u00e7\u00e3o do Evangelho e os do Jardim de Inf\u00e2ncia de S. Tiago encenaram, no momento de a\u00e7\u00e3o de gra\u00e7as, uma m\u00fasica alusiva ao tema. Parab\u00e9ns a todos os envolvidos!<\/p>\n\n\n\n<p> <\/p>\n\n\n\n<figure class=\"wp-block-embed is-type-video is-provider-youtube wp-block-embed-youtube wp-embed-aspect-16-9 wp-has-aspect-ratio\"><div class=\"wp-block-embed__wrapper\">\n<div class=\"video-container\"><iframe loading=\"lazy\" title=\"Celebracao Pascal\" width=\"500\" height=\"281\" src=\"https:\/\/www.youtube.com\/embed\/A25pJXy_uMs?feature=oembed&#038;wmode=opaque\" frameborder=\"0\" allow=\"accelerometer; autoplay; clipboard-write; encrypted-media; gyroscope; picture-in-picture; web-share\" referrerpolicy=\"strict-origin-when-cross-origin\" allowfullscreen><\/iframe><\/div>\n<\/div><\/figure>\n","protected":false},"excerpt":{"rendered":"<p>Este ano, o tema foi: &#8220;Reconstruir a Paz&#8221; Os alunos da Escola B\u00e1sica do Campo Redondo e do Jardim de Inf\u00e2ncia de S. Tiago celebraram a Comunh\u00e3o Pascal, este ano, sob o tema: &#8220;Reconstruir&#46;&#46;&#46;<\/p>\n","protected":false},"author":2,"featured_media":11246,"comment_status":"closed","ping_status":"open","sticky":false,"template":"","format":"standard","meta":{"footnotes":""},"categories":[14,2],"tags":[],"class_list":["post-11244","post","type-post","status-publish","format-standard","has-post-thumbnail","hentry","category-1o-ciclo","category-atualidade"],"_links":{"self":[{"href":"https:\/\/bojornal.pt\/index.php?rest_route=\/wp\/v2\/posts\/11244","targetHints":{"allow":["GET"]}}],"collection":[{"href":"https:\/\/bojornal.pt\/index.php?rest_route=\/wp\/v2\/posts"}],"about":[{"href":"https:\/\/bojornal.pt\/index.php?rest_route=\/wp\/v2\/types\/post"}],"author":[{"embeddable":true,"href":"https:\/\/bojornal.pt\/index.php?rest_route=\/wp\/v2\/users\/2"}],"replies":[{"embeddable":true,"href":"https:\/\/bojornal.pt\/index.php?rest_route=%2Fwp%2Fv2%2Fcomments&post=11244"}],"version-history":[{"count":0,"href":"https:\/\/bojornal.pt\/index.php?rest_route=\/wp\/v2\/posts\/11244\/revisions"}],"wp:featuredmedia":[{"embeddable":true,"href":"https:\/\/bojornal.pt\/index.php?rest_route=\/wp\/v2\/media\/11246"}],"wp:attachment":[{"href":"https:\/\/bojornal.pt\/index.php?rest_route=%2Fwp%2Fv2%2Fmedia&parent=11244"}],"wp:term":[{"taxonomy":"category","embeddable":true,"href":"https:\/\/bojornal.pt\/index.php?rest_route=%2Fwp%2Fv2%2Fcategories&post=11244"},{"taxonomy":"post_tag","embeddable":true,"href":"https:\/\/bojornal.pt\/index.php?rest_route=%2Fwp%2Fv2%2Ftags&post=11244"}],"curies":[{"name":"wp","href":"https:\/\/api.w.org\/{rel}","templated":true}]}}