{"id":11189,"date":"2022-04-27T23:04:16","date_gmt":"2022-04-27T22:04:16","guid":{"rendered":"https:\/\/bojornal.pt\/?p=11189"},"modified":"2022-04-27T23:11:39","modified_gmt":"2022-04-27T22:11:39","slug":"escola-paulo-quintela-organiza-2o-encontro-de-patinagem","status":"publish","type":"post","link":"https:\/\/bojornal.pt\/?p=11189","title":{"rendered":"Escola Paulo Quintela organiza 2\u00ba encontro de patinagem"},"content":{"rendered":"\n<figure class=\"wp-block-gallery has-nested-images columns-default is-cropped wp-block-gallery-1 is-layout-flex wp-block-gallery-is-layout-flex\">\n<figure class=\"wp-block-image size-large is-style-default\"><img loading=\"lazy\" decoding=\"async\" width=\"1024\" height=\"768\" data-id=\"11190\" src=\"https:\/\/bojornal.pt\/wp-content\/uploads\/2022\/04\/WhatsApp-Image-2022-04-27-at-18.56.08.jpeg\" alt=\"\" class=\"wp-image-11190\" srcset=\"https:\/\/bojornal.pt\/wp-content\/uploads\/2022\/04\/WhatsApp-Image-2022-04-27-at-18.56.08.jpeg 1024w, https:\/\/bojornal.pt\/wp-content\/uploads\/2022\/04\/WhatsApp-Image-2022-04-27-at-18.56.08-300x225.jpeg 300w, https:\/\/bojornal.pt\/wp-content\/uploads\/2022\/04\/WhatsApp-Image-2022-04-27-at-18.56.08-150x113.jpeg 150w, https:\/\/bojornal.pt\/wp-content\/uploads\/2022\/04\/WhatsApp-Image-2022-04-27-at-18.56.08-768x576.jpeg 768w\" sizes=\"auto, (max-width: 1024px) 100vw, 1024px\" \/><\/figure>\n<\/figure>\n\n\n\n<p>A Escola Paulo Quintela organizou, no passado dia 30 de mar\u00e7o, o 2\u00ba Encontro de Patinagem. Os alunos tiveram a oportunidade de praticar a modalidade atrav\u00e9s desta iniciativa realizada no Pavilh\u00e3o Municipal Arnaldo Pereira, em Bragan\u00e7a. <\/p>\n","protected":false},"excerpt":{"rendered":"<p>A Escola Paulo Quintela organizou, no passado dia 30 de mar\u00e7o, o 2\u00ba Encontro de Patinagem. Os alunos tiveram a oportunidade de praticar a modalidade atrav\u00e9s desta iniciativa realizada no Pavilh\u00e3o Municipal Arnaldo Pereira,&#46;&#46;&#46;<\/p>\n","protected":false},"author":2,"featured_media":11190,"comment_status":"closed","ping_status":"open","sticky":false,"template":"","format":"standard","meta":{"footnotes":""},"categories":[2,13],"tags":[],"class_list":["post-11189","post","type-post","status-publish","format-standard","has-post-thumbnail","hentry","category-atualidade","category-escola-paulo-quintela"],"_links":{"self":[{"href":"https:\/\/bojornal.pt\/index.php?rest_route=\/wp\/v2\/posts\/11189","targetHints":{"allow":["GET"]}}],"collection":[{"href":"https:\/\/bojornal.pt\/index.php?rest_route=\/wp\/v2\/posts"}],"about":[{"href":"https:\/\/bojornal.pt\/index.php?rest_route=\/wp\/v2\/types\/post"}],"author":[{"embeddable":true,"href":"https:\/\/bojornal.pt\/index.php?rest_route=\/wp\/v2\/users\/2"}],"replies":[{"embeddable":true,"href":"https:\/\/bojornal.pt\/index.php?rest_route=%2Fwp%2Fv2%2Fcomments&post=11189"}],"version-history":[{"count":0,"href":"https:\/\/bojornal.pt\/index.php?rest_route=\/wp\/v2\/posts\/11189\/revisions"}],"wp:featuredmedia":[{"embeddable":true,"href":"https:\/\/bojornal.pt\/index.php?rest_route=\/wp\/v2\/media\/11190"}],"wp:attachment":[{"href":"https:\/\/bojornal.pt\/index.php?rest_route=%2Fwp%2Fv2%2Fmedia&parent=11189"}],"wp:term":[{"taxonomy":"category","embeddable":true,"href":"https:\/\/bojornal.pt\/index.php?rest_route=%2Fwp%2Fv2%2Fcategories&post=11189"},{"taxonomy":"post_tag","embeddable":true,"href":"https:\/\/bojornal.pt\/index.php?rest_route=%2Fwp%2Fv2%2Ftags&post=11189"}],"curies":[{"name":"wp","href":"https:\/\/api.w.org\/{rel}","templated":true}]}}