{"id":11172,"date":"2022-04-24T23:03:00","date_gmt":"2022-04-24T22:03:00","guid":{"rendered":"https:\/\/bojornal.pt\/?p=11172"},"modified":"2022-04-25T23:04:22","modified_gmt":"2022-04-25T22:04:22","slug":"uma-manha-no-centro-de-ciencia-viva","status":"publish","type":"post","link":"https:\/\/bojornal.pt\/?p=11172","title":{"rendered":"Uma manh\u00e3 no Centro de Ci\u00eancia Viva"},"content":{"rendered":"\n<figure class=\"wp-block-gallery has-nested-images columns-default is-cropped wp-block-gallery-1 is-layout-flex wp-block-gallery-is-layout-flex\">\n<figure class=\"wp-block-image size-large is-style-default\"><img loading=\"lazy\" decoding=\"async\" width=\"341\" height=\"756\" data-id=\"11173\" src=\"https:\/\/bojornal.pt\/wp-content\/uploads\/2022\/04\/Manha-no-ciencia-viva.jpg\" alt=\"\" class=\"wp-image-11173\" srcset=\"https:\/\/bojornal.pt\/wp-content\/uploads\/2022\/04\/Manha-no-ciencia-viva.jpg 341w, https:\/\/bojornal.pt\/wp-content\/uploads\/2022\/04\/Manha-no-ciencia-viva-135x300.jpg 135w, https:\/\/bojornal.pt\/wp-content\/uploads\/2022\/04\/Manha-no-ciencia-viva-68x150.jpg 68w\" sizes=\"auto, (max-width: 341px) 100vw, 341px\" \/><\/figure>\n\n\n\n<figure class=\"wp-block-image size-large is-style-default\"><img loading=\"lazy\" decoding=\"async\" width=\"341\" height=\"756\" data-id=\"11177\" src=\"https:\/\/bojornal.pt\/wp-content\/uploads\/2022\/04\/Manha-no-ciencia-viva1.jpg\" alt=\"\" class=\"wp-image-11177\" srcset=\"https:\/\/bojornal.pt\/wp-content\/uploads\/2022\/04\/Manha-no-ciencia-viva1.jpg 341w, https:\/\/bojornal.pt\/wp-content\/uploads\/2022\/04\/Manha-no-ciencia-viva1-135x300.jpg 135w, https:\/\/bojornal.pt\/wp-content\/uploads\/2022\/04\/Manha-no-ciencia-viva1-68x150.jpg 68w\" sizes=\"auto, (max-width: 341px) 100vw, 341px\" \/><\/figure>\n\n\n\n<figure class=\"wp-block-image size-large is-style-default\"><img loading=\"lazy\" decoding=\"async\" width=\"756\" height=\"341\" data-id=\"11178\" src=\"https:\/\/bojornal.pt\/wp-content\/uploads\/2022\/04\/Manha-no-ciencia-viva2.jpg\" alt=\"\" class=\"wp-image-11178\" srcset=\"https:\/\/bojornal.pt\/wp-content\/uploads\/2022\/04\/Manha-no-ciencia-viva2.jpg 756w, https:\/\/bojornal.pt\/wp-content\/uploads\/2022\/04\/Manha-no-ciencia-viva2-300x135.jpg 300w, https:\/\/bojornal.pt\/wp-content\/uploads\/2022\/04\/Manha-no-ciencia-viva2-150x68.jpg 150w\" sizes=\"auto, (max-width: 756px) 100vw, 756px\" \/><\/figure>\n\n\n\n<figure class=\"wp-block-image size-large is-style-default\"><img loading=\"lazy\" decoding=\"async\" width=\"756\" height=\"341\" data-id=\"11175\" src=\"https:\/\/bojornal.pt\/wp-content\/uploads\/2022\/04\/Manha-no-ciencia-viva3.jpg\" alt=\"\" class=\"wp-image-11175\" srcset=\"https:\/\/bojornal.pt\/wp-content\/uploads\/2022\/04\/Manha-no-ciencia-viva3.jpg 756w, https:\/\/bojornal.pt\/wp-content\/uploads\/2022\/04\/Manha-no-ciencia-viva3-300x135.jpg 300w, https:\/\/bojornal.pt\/wp-content\/uploads\/2022\/04\/Manha-no-ciencia-viva3-150x68.jpg 150w\" sizes=\"auto, (max-width: 756px) 100vw, 756px\" \/><\/figure>\n\n\n\n<figure class=\"wp-block-image size-large is-style-default\"><img loading=\"lazy\" decoding=\"async\" width=\"756\" height=\"341\" data-id=\"11176\" src=\"https:\/\/bojornal.pt\/wp-content\/uploads\/2022\/04\/Manha-no-ciencia-viva4.jpg\" alt=\"\" class=\"wp-image-11176\" srcset=\"https:\/\/bojornal.pt\/wp-content\/uploads\/2022\/04\/Manha-no-ciencia-viva4.jpg 756w, https:\/\/bojornal.pt\/wp-content\/uploads\/2022\/04\/Manha-no-ciencia-viva4-300x135.jpg 300w, https:\/\/bojornal.pt\/wp-content\/uploads\/2022\/04\/Manha-no-ciencia-viva4-150x68.jpg 150w\" sizes=\"auto, (max-width: 756px) 100vw, 756px\" \/><\/figure>\n\n\n\n<figure class=\"wp-block-image size-large is-style-default\"><img loading=\"lazy\" decoding=\"async\" width=\"756\" height=\"341\" data-id=\"11179\" src=\"https:\/\/bojornal.pt\/wp-content\/uploads\/2022\/04\/Manha-no-ciencia-viva5.jpg\" alt=\"\" class=\"wp-image-11179\" srcset=\"https:\/\/bojornal.pt\/wp-content\/uploads\/2022\/04\/Manha-no-ciencia-viva5.jpg 756w, https:\/\/bojornal.pt\/wp-content\/uploads\/2022\/04\/Manha-no-ciencia-viva5-300x135.jpg 300w, https:\/\/bojornal.pt\/wp-content\/uploads\/2022\/04\/Manha-no-ciencia-viva5-150x68.jpg 150w\" sizes=\"auto, (max-width: 756px) 100vw, 756px\" \/><\/figure>\n\n\n\n<figure class=\"wp-block-image size-large is-style-default\"><img loading=\"lazy\" decoding=\"async\" width=\"744\" height=\"335\" data-id=\"11174\" src=\"https:\/\/bojornal.pt\/wp-content\/uploads\/2022\/04\/Manha-no-ciencia-viva6.jpg\" alt=\"\" class=\"wp-image-11174\" srcset=\"https:\/\/bojornal.pt\/wp-content\/uploads\/2022\/04\/Manha-no-ciencia-viva6.jpg 744w, https:\/\/bojornal.pt\/wp-content\/uploads\/2022\/04\/Manha-no-ciencia-viva6-300x135.jpg 300w, https:\/\/bojornal.pt\/wp-content\/uploads\/2022\/04\/Manha-no-ciencia-viva6-150x68.jpg 150w\" sizes=\"auto, (max-width: 744px) 100vw, 744px\" \/><\/figure>\n<\/figure>\n\n\n\n<p>No \u00faltimo dia de aulas do segundo per\u00edodo e como&nbsp;pr\u00e9mio do Concurso de poemas&nbsp;relativo ao&nbsp;Dia Mundial da Alimenta\u00e7\u00e3o, os alunos do 6\u00baA foram passar a manh\u00e3 em atividades na Casa da Seda e no Centro Ci\u00eancia Viva. Foram acompanhados pelas docentes de Portugu\u00eas, Lu\u00edsa Barreira; Cidadania e Desenvolvimento, S\u00f3nia Carvalho e pela diretora de turma, Margarida Rodrigues.<\/p>\n\n\n\n<p>Foi uma manh\u00e3 vivida com grande entusiasmo pelos alunos e terminou com um piquenique de confraterniza\u00e7\u00e3o.&nbsp;<\/p>\n","protected":false},"excerpt":{"rendered":"<p>No \u00faltimo dia de aulas do segundo per\u00edodo e como&nbsp;pr\u00e9mio do Concurso de poemas&nbsp;relativo ao&nbsp;Dia Mundial da Alimenta\u00e7\u00e3o, os alunos do 6\u00baA foram passar a manh\u00e3 em atividades na Casa da Seda e no&#46;&#46;&#46;<\/p>\n","protected":false},"author":2,"featured_media":11174,"comment_status":"closed","ping_status":"open","sticky":false,"template":"","format":"standard","meta":{"footnotes":""},"categories":[2,9,13],"tags":[],"class_list":["post-11172","post","type-post","status-publish","format-standard","has-post-thumbnail","hentry","category-atualidade","category-em-foco","category-escola-paulo-quintela"],"_links":{"self":[{"href":"https:\/\/bojornal.pt\/index.php?rest_route=\/wp\/v2\/posts\/11172","targetHints":{"allow":["GET"]}}],"collection":[{"href":"https:\/\/bojornal.pt\/index.php?rest_route=\/wp\/v2\/posts"}],"about":[{"href":"https:\/\/bojornal.pt\/index.php?rest_route=\/wp\/v2\/types\/post"}],"author":[{"embeddable":true,"href":"https:\/\/bojornal.pt\/index.php?rest_route=\/wp\/v2\/users\/2"}],"replies":[{"embeddable":true,"href":"https:\/\/bojornal.pt\/index.php?rest_route=%2Fwp%2Fv2%2Fcomments&post=11172"}],"version-history":[{"count":0,"href":"https:\/\/bojornal.pt\/index.php?rest_route=\/wp\/v2\/posts\/11172\/revisions"}],"wp:featuredmedia":[{"embeddable":true,"href":"https:\/\/bojornal.pt\/index.php?rest_route=\/wp\/v2\/media\/11174"}],"wp:attachment":[{"href":"https:\/\/bojornal.pt\/index.php?rest_route=%2Fwp%2Fv2%2Fmedia&parent=11172"}],"wp:term":[{"taxonomy":"category","embeddable":true,"href":"https:\/\/bojornal.pt\/index.php?rest_route=%2Fwp%2Fv2%2Fcategories&post=11172"},{"taxonomy":"post_tag","embeddable":true,"href":"https:\/\/bojornal.pt\/index.php?rest_route=%2Fwp%2Fv2%2Ftags&post=11172"}],"curies":[{"name":"wp","href":"https:\/\/api.w.org\/{rel}","templated":true}]}}