{"id":11162,"date":"2022-04-25T22:55:58","date_gmt":"2022-04-25T21:55:58","guid":{"rendered":"https:\/\/bojornal.pt\/?p=11162"},"modified":"2022-04-30T23:37:27","modified_gmt":"2022-04-30T22:37:27","slug":"paulo-quintela-em-intercambio-com-escola-de-sao-tome-e-principe","status":"publish","type":"post","link":"https:\/\/bojornal.pt\/?p=11162","title":{"rendered":"Paulo Quintela em interc\u00e2mbio com escola de S\u00e3o Tom\u00e9 e Pr\u00edncipe"},"content":{"rendered":"\n<figure class=\"wp-block-gallery has-nested-images columns-default is-cropped wp-block-gallery-1 is-layout-flex wp-block-gallery-is-layout-flex\">\n<figure class=\"wp-block-image size-large is-style-default\"><img loading=\"lazy\" decoding=\"async\" width=\"750\" height=\"563\" data-id=\"11163\" src=\"https:\/\/bojornal.pt\/wp-content\/uploads\/2022\/04\/intercultaridade.jpg\" alt=\"\" class=\"wp-image-11163\" srcset=\"https:\/\/bojornal.pt\/wp-content\/uploads\/2022\/04\/intercultaridade.jpg 750w, https:\/\/bojornal.pt\/wp-content\/uploads\/2022\/04\/intercultaridade-300x225.jpg 300w, https:\/\/bojornal.pt\/wp-content\/uploads\/2022\/04\/intercultaridade-150x113.jpg 150w\" sizes=\"auto, (max-width: 750px) 100vw, 750px\" \/><\/figure>\n\n\n\n<figure class=\"wp-block-image size-large is-style-default\"><img loading=\"lazy\" decoding=\"async\" width=\"756\" height=\"341\" data-id=\"11165\" src=\"https:\/\/bojornal.pt\/wp-content\/uploads\/2022\/04\/intercultaridade1.jpg\" alt=\"\" class=\"wp-image-11165\" srcset=\"https:\/\/bojornal.pt\/wp-content\/uploads\/2022\/04\/intercultaridade1.jpg 756w, https:\/\/bojornal.pt\/wp-content\/uploads\/2022\/04\/intercultaridade1-300x135.jpg 300w, https:\/\/bojornal.pt\/wp-content\/uploads\/2022\/04\/intercultaridade1-150x68.jpg 150w\" sizes=\"auto, (max-width: 756px) 100vw, 756px\" \/><\/figure>\n\n\n\n<figure class=\"wp-block-image size-large is-style-default\"><img loading=\"lazy\" decoding=\"async\" width=\"768\" height=\"543\" data-id=\"11167\" src=\"https:\/\/bojornal.pt\/wp-content\/uploads\/2022\/04\/intercultaridade2.jpg\" alt=\"\" class=\"wp-image-11167\" srcset=\"https:\/\/bojornal.pt\/wp-content\/uploads\/2022\/04\/intercultaridade2.jpg 768w, https:\/\/bojornal.pt\/wp-content\/uploads\/2022\/04\/intercultaridade2-300x212.jpg 300w, https:\/\/bojornal.pt\/wp-content\/uploads\/2022\/04\/intercultaridade2-150x106.jpg 150w\" sizes=\"auto, (max-width: 768px) 100vw, 768px\" \/><\/figure>\n\n\n\n<figure class=\"wp-block-image size-large is-style-default\"><img loading=\"lazy\" decoding=\"async\" width=\"341\" height=\"756\" data-id=\"11169\" src=\"https:\/\/bojornal.pt\/wp-content\/uploads\/2022\/04\/intercultaridade3.jpg\" alt=\"\" class=\"wp-image-11169\" srcset=\"https:\/\/bojornal.pt\/wp-content\/uploads\/2022\/04\/intercultaridade3.jpg 341w, https:\/\/bojornal.pt\/wp-content\/uploads\/2022\/04\/intercultaridade3-135x300.jpg 135w, https:\/\/bojornal.pt\/wp-content\/uploads\/2022\/04\/intercultaridade3-68x150.jpg 68w\" sizes=\"auto, (max-width: 341px) 100vw, 341px\" \/><\/figure>\n\n\n\n<figure class=\"wp-block-image size-large is-style-default\"><img loading=\"lazy\" decoding=\"async\" width=\"756\" height=\"341\" data-id=\"11170\" src=\"https:\/\/bojornal.pt\/wp-content\/uploads\/2022\/04\/intercultaridade4.jpg\" alt=\"\" class=\"wp-image-11170\" srcset=\"https:\/\/bojornal.pt\/wp-content\/uploads\/2022\/04\/intercultaridade4.jpg 756w, https:\/\/bojornal.pt\/wp-content\/uploads\/2022\/04\/intercultaridade4-300x135.jpg 300w, https:\/\/bojornal.pt\/wp-content\/uploads\/2022\/04\/intercultaridade4-150x68.jpg 150w\" sizes=\"auto, (max-width: 756px) 100vw, 756px\" \/><\/figure>\n\n\n\n<figure class=\"wp-block-image size-large is-style-default\"><img loading=\"lazy\" decoding=\"async\" width=\"756\" height=\"341\" data-id=\"11166\" src=\"https:\/\/bojornal.pt\/wp-content\/uploads\/2022\/04\/intercultaridade5.jpg\" alt=\"\" class=\"wp-image-11166\" srcset=\"https:\/\/bojornal.pt\/wp-content\/uploads\/2022\/04\/intercultaridade5.jpg 756w, https:\/\/bojornal.pt\/wp-content\/uploads\/2022\/04\/intercultaridade5-300x135.jpg 300w, https:\/\/bojornal.pt\/wp-content\/uploads\/2022\/04\/intercultaridade5-150x68.jpg 150w\" sizes=\"auto, (max-width: 756px) 100vw, 756px\" \/><\/figure>\n\n\n\n<figure class=\"wp-block-image size-large is-style-default\"><img loading=\"lazy\" decoding=\"async\" width=\"672\" height=\"896\" data-id=\"11168\" src=\"https:\/\/bojornal.pt\/wp-content\/uploads\/2022\/04\/intercultaridade6.jpg\" alt=\"\" class=\"wp-image-11168\" srcset=\"https:\/\/bojornal.pt\/wp-content\/uploads\/2022\/04\/intercultaridade6.jpg 672w, https:\/\/bojornal.pt\/wp-content\/uploads\/2022\/04\/intercultaridade6-225x300.jpg 225w, https:\/\/bojornal.pt\/wp-content\/uploads\/2022\/04\/intercultaridade6-113x150.jpg 113w\" sizes=\"auto, (max-width: 672px) 100vw, 672px\" \/><\/figure>\n\n\n\n<figure class=\"wp-block-image size-large is-style-default\"><img loading=\"lazy\" decoding=\"async\" width=\"672\" height=\"896\" data-id=\"11164\" src=\"https:\/\/bojornal.pt\/wp-content\/uploads\/2022\/04\/intercultaridade7.jpg\" alt=\"\" class=\"wp-image-11164\" srcset=\"https:\/\/bojornal.pt\/wp-content\/uploads\/2022\/04\/intercultaridade7.jpg 672w, https:\/\/bojornal.pt\/wp-content\/uploads\/2022\/04\/intercultaridade7-225x300.jpg 225w, https:\/\/bojornal.pt\/wp-content\/uploads\/2022\/04\/intercultaridade7-113x150.jpg 113w\" sizes=\"auto, (max-width: 672px) 100vw, 672px\" \/><\/figure>\n<\/figure>\n\n\n\n<p>Os alunos do 6\u00ba A da Escola Paulo Quintela, no \u00e2mbito da disciplina de Cidadania e Desenvolvimento, em articula\u00e7\u00e3o com a diretora de turma e sob o mote da Interculturalidade iniciaram um interc\u00e2mbio com uma Escola de S\u00e3o Tom\u00e9 e Pr\u00edncipe. No primeiro per\u00edodo, uma docente da Escola Superior de Educa\u00e7\u00e3o (Maria Jos\u00e9 Rodrigues), que tem desenvolvido miss\u00f5es de Forma\u00e7\u00e3o de Professores em alguns pa\u00edses de l\u00edngua oficial portuguesa (PALOP), veio \u00e0 escola dar a conhecer S\u00e3o Tom\u00e9 e Pr\u00edncipe.&nbsp;<\/p>\n\n\n\n<p>A ades\u00e3o foi t\u00e3o boa, que o projeto teve continuidade no segundo per\u00edodo. Uma vez que a professora Maria Jos\u00e9 foi a S\u00e3o Tom\u00e9, pudemos enviar um pouco da nossa realidade (os alunos do 6\u00baA elaboraram um v\u00eddeo sobre a escola e a cidade de Bragan\u00e7a) e algum material escolar que a C\u00e2mara Municipal ofereceu para os quarenta e seis alunos da turma de S\u00e3o Tom\u00e9. Tamb\u00e9m puderam fazer uma breve videochamada com a turma s\u00e3o-tomense na qual responderam a algumas quest\u00f5es dos alunos de l\u00e1 e fizeram outras. No regresso da professora Maria Jos\u00e9, os alunos da nossa turma puderam provar as diferentes fases do cacau ao chocolate (cacau fresco, cacau torrado, cacau em p\u00f3 e chocolate), revelando-se uma atividade interessante e enriquecedora para todos os intervenientes.<\/p>\n\n\n\n<p>Este interc\u00e2mbio foi muito valorizado pela escola de S\u00e3o Tom\u00e9 e Pr\u00edncipe, pelo que ter\u00e1 continua\u00e7\u00e3o.<\/p>\n\n\n\n<figure class=\"wp-block-video\"><video height=\"1080\" style=\"aspect-ratio: 1920 \/ 1080;\" width=\"1920\" controls src=\"https:\/\/bojornal.pt\/wp-content\/uploads\/2022\/04\/Do-cacau-ao-chocolate.mp4\"><\/video><\/figure>\n","protected":false},"excerpt":{"rendered":"<p>Os alunos do 6\u00ba A da Escola Paulo Quintela, no \u00e2mbito da disciplina de Cidadania e Desenvolvimento, em articula\u00e7\u00e3o com a diretora de turma e sob o mote da Interculturalidade iniciaram um interc\u00e2mbio com&#46;&#46;&#46;<\/p>\n","protected":false},"author":2,"featured_media":11164,"comment_status":"closed","ping_status":"open","sticky":false,"template":"","format":"standard","meta":{"footnotes":""},"categories":[2,9,13],"tags":[],"class_list":["post-11162","post","type-post","status-publish","format-standard","has-post-thumbnail","hentry","category-atualidade","category-em-foco","category-escola-paulo-quintela"],"_links":{"self":[{"href":"https:\/\/bojornal.pt\/index.php?rest_route=\/wp\/v2\/posts\/11162","targetHints":{"allow":["GET"]}}],"collection":[{"href":"https:\/\/bojornal.pt\/index.php?rest_route=\/wp\/v2\/posts"}],"about":[{"href":"https:\/\/bojornal.pt\/index.php?rest_route=\/wp\/v2\/types\/post"}],"author":[{"embeddable":true,"href":"https:\/\/bojornal.pt\/index.php?rest_route=\/wp\/v2\/users\/2"}],"replies":[{"embeddable":true,"href":"https:\/\/bojornal.pt\/index.php?rest_route=%2Fwp%2Fv2%2Fcomments&post=11162"}],"version-history":[{"count":0,"href":"https:\/\/bojornal.pt\/index.php?rest_route=\/wp\/v2\/posts\/11162\/revisions"}],"wp:featuredmedia":[{"embeddable":true,"href":"https:\/\/bojornal.pt\/index.php?rest_route=\/wp\/v2\/media\/11164"}],"wp:attachment":[{"href":"https:\/\/bojornal.pt\/index.php?rest_route=%2Fwp%2Fv2%2Fmedia&parent=11162"}],"wp:term":[{"taxonomy":"category","embeddable":true,"href":"https:\/\/bojornal.pt\/index.php?rest_route=%2Fwp%2Fv2%2Fcategories&post=11162"},{"taxonomy":"post_tag","embeddable":true,"href":"https:\/\/bojornal.pt\/index.php?rest_route=%2Fwp%2Fv2%2Ftags&post=11162"}],"curies":[{"name":"wp","href":"https:\/\/api.w.org\/{rel}","templated":true}]}}