{"id":11158,"date":"2022-04-24T16:19:19","date_gmt":"2022-04-24T15:19:19","guid":{"rendered":"https:\/\/bojornal.pt\/?p=11158"},"modified":"2022-04-24T16:20:19","modified_gmt":"2022-04-24T15:20:19","slug":"alunos-da-escola-paulo-quintela-assistem-a-peca-teatral-pinoquio","status":"publish","type":"post","link":"https:\/\/bojornal.pt\/?p=11158","title":{"rendered":"Alunos da Escola Paulo Quintela assistem \u00e0 pe\u00e7a teatral: &#8220;Pin\u00f3quio&#8221;."},"content":{"rendered":"\n<figure class=\"wp-block-image size-full is-style-default\"><img loading=\"lazy\" decoding=\"async\" width=\"691\" height=\"432\" src=\"https:\/\/bojornal.pt\/wp-content\/uploads\/2022\/04\/Peca-Pinoquio.jpg\" alt=\"\" class=\"wp-image-11159\" srcset=\"https:\/\/bojornal.pt\/wp-content\/uploads\/2022\/04\/Peca-Pinoquio.jpg 691w, https:\/\/bojornal.pt\/wp-content\/uploads\/2022\/04\/Peca-Pinoquio-300x188.jpg 300w, https:\/\/bojornal.pt\/wp-content\/uploads\/2022\/04\/Peca-Pinoquio-150x94.jpg 150w\" sizes=\"auto, (max-width: 691px) 100vw, 691px\" \/><\/figure>\n\n\n\n<p>No dia 21 de abril de 2022 a Escola Paulo Quintela foi presenteada com uma fant\u00e1stica ida ao Teatro Municipal de Bragan\u00e7a para assistir \u00e0 pe\u00e7a Pin\u00f3quio. Pin\u00f3quio \u00e9 uma personagem de fic\u00e7\u00e3o escrita por Carlo Collodi no romance As Aventuras de Pin\u00f3quio. A encena\u00e7\u00e3o, de Xico Alves, a que assistimos conseguiu, atrav\u00e9s de simplicidade das luzes, da m\u00fasica e dos movimentos dos atores, captar a aten\u00e7\u00e3o de mi\u00fados e gra\u00fados.Numa oficina comum de um homem comum, numa vila comum de It\u00e1lia, o incomum acontece: Pin\u00f3quio, que at\u00e9 ao momento, n\u00e3o era mais do que uma marioneta, ganha vida! Pin\u00f3quio traz-nos esta hist\u00f3ria familiar de esperan\u00e7a, atrav\u00e9s dos olhos juvenis da personagem principal que d\u00e1 o nome a este maravilhoso espet\u00e1culo. &nbsp;Pin\u00f3quio tem ao longo desta f\u00e1bula que descobrir o mundo e a si pr\u00f3prio, num conjunto de aventuras para se tornar um menino de verdade. A personagem depara-se com regras e normas que se exigem na vida em sociedade, mas nem sempre age da forma correta, sendo muitas vezes ingrato e desonesto com o seu querido pai.No final compreendemos que para sermos melhores seres humanos temos que nos conhecer a nos pr\u00f3prios, sermos humildes, gratos e aprendermos com quem nos quer bem, e assim encontrarmos a felicidade. &nbsp;Aguardo expectante por outros momentos de cultura e lazer, t\u00e3o importantes para o nosso desenvolvimento escolar e pessoal.<\/p>\n\n\n\n<p class=\"has-text-align-right\"><em>Ana Clara Fernandes (6\u00baA)<\/em><\/p>\n","protected":false},"excerpt":{"rendered":"<p>No dia 21 de abril de 2022 a Escola Paulo Quintela foi presenteada com uma fant\u00e1stica ida ao Teatro Municipal de Bragan\u00e7a para assistir \u00e0 pe\u00e7a Pin\u00f3quio. Pin\u00f3quio \u00e9 uma personagem de fic\u00e7\u00e3o escrita&#46;&#46;&#46;<\/p>\n","protected":false},"author":2,"featured_media":11159,"comment_status":"closed","ping_status":"open","sticky":false,"template":"","format":"standard","meta":{"footnotes":""},"categories":[2,3,9,13],"tags":[],"class_list":["post-11158","post","type-post","status-publish","format-standard","has-post-thumbnail","hentry","category-atualidade","category-cultura","category-em-foco","category-escola-paulo-quintela"],"_links":{"self":[{"href":"https:\/\/bojornal.pt\/index.php?rest_route=\/wp\/v2\/posts\/11158","targetHints":{"allow":["GET"]}}],"collection":[{"href":"https:\/\/bojornal.pt\/index.php?rest_route=\/wp\/v2\/posts"}],"about":[{"href":"https:\/\/bojornal.pt\/index.php?rest_route=\/wp\/v2\/types\/post"}],"author":[{"embeddable":true,"href":"https:\/\/bojornal.pt\/index.php?rest_route=\/wp\/v2\/users\/2"}],"replies":[{"embeddable":true,"href":"https:\/\/bojornal.pt\/index.php?rest_route=%2Fwp%2Fv2%2Fcomments&post=11158"}],"version-history":[{"count":0,"href":"https:\/\/bojornal.pt\/index.php?rest_route=\/wp\/v2\/posts\/11158\/revisions"}],"wp:featuredmedia":[{"embeddable":true,"href":"https:\/\/bojornal.pt\/index.php?rest_route=\/wp\/v2\/media\/11159"}],"wp:attachment":[{"href":"https:\/\/bojornal.pt\/index.php?rest_route=%2Fwp%2Fv2%2Fmedia&parent=11158"}],"wp:term":[{"taxonomy":"category","embeddable":true,"href":"https:\/\/bojornal.pt\/index.php?rest_route=%2Fwp%2Fv2%2Fcategories&post=11158"},{"taxonomy":"post_tag","embeddable":true,"href":"https:\/\/bojornal.pt\/index.php?rest_route=%2Fwp%2Fv2%2Ftags&post=11158"}],"curies":[{"name":"wp","href":"https:\/\/api.w.org\/{rel}","templated":true}]}}