{"id":11134,"date":"2022-04-15T22:05:13","date_gmt":"2022-04-15T21:05:13","guid":{"rendered":"https:\/\/bojornal.pt\/?p=11134"},"modified":"2022-04-15T22:05:15","modified_gmt":"2022-04-15T21:05:15","slug":"alunos-visitam-centro-de-arte-contemporanea-graca-morais","status":"publish","type":"post","link":"https:\/\/bojornal.pt\/?p=11134","title":{"rendered":"Alunos visitam Centro de Arte Contempor\u00e2nea Gra\u00e7a Morais"},"content":{"rendered":"\n<figure class=\"wp-block-gallery has-nested-images columns-default is-cropped wp-block-gallery-1 is-layout-flex wp-block-gallery-is-layout-flex\">\n<figure class=\"wp-block-image size-large is-style-default\"><img loading=\"lazy\" decoding=\"async\" width=\"1024\" height=\"768\" data-id=\"11140\" src=\"https:\/\/bojornal.pt\/wp-content\/uploads\/2022\/04\/Centro-de-arte-contem_Visita1-1024x768.jpg\" alt=\"\" class=\"wp-image-11140\" srcset=\"https:\/\/bojornal.pt\/wp-content\/uploads\/2022\/04\/Centro-de-arte-contem_Visita1-1024x768.jpg 1024w, https:\/\/bojornal.pt\/wp-content\/uploads\/2022\/04\/Centro-de-arte-contem_Visita1-300x225.jpg 300w, https:\/\/bojornal.pt\/wp-content\/uploads\/2022\/04\/Centro-de-arte-contem_Visita1-150x113.jpg 150w, https:\/\/bojornal.pt\/wp-content\/uploads\/2022\/04\/Centro-de-arte-contem_Visita1-768x576.jpg 768w, https:\/\/bojornal.pt\/wp-content\/uploads\/2022\/04\/Centro-de-arte-contem_Visita1-1536x1152.jpg 1536w, https:\/\/bojornal.pt\/wp-content\/uploads\/2022\/04\/Centro-de-arte-contem_Visita1.jpg 2048w\" sizes=\"auto, (max-width: 1024px) 100vw, 1024px\" \/><\/figure>\n\n\n\n<figure class=\"wp-block-image size-large is-style-default\"><img loading=\"lazy\" decoding=\"async\" width=\"1024\" height=\"768\" data-id=\"11144\" src=\"https:\/\/bojornal.pt\/wp-content\/uploads\/2022\/04\/Centro-de-arte-contem_Visita2-1024x768.jpg\" alt=\"\" class=\"wp-image-11144\" srcset=\"https:\/\/bojornal.pt\/wp-content\/uploads\/2022\/04\/Centro-de-arte-contem_Visita2-1024x768.jpg 1024w, https:\/\/bojornal.pt\/wp-content\/uploads\/2022\/04\/Centro-de-arte-contem_Visita2-300x225.jpg 300w, https:\/\/bojornal.pt\/wp-content\/uploads\/2022\/04\/Centro-de-arte-contem_Visita2-150x113.jpg 150w, https:\/\/bojornal.pt\/wp-content\/uploads\/2022\/04\/Centro-de-arte-contem_Visita2-768x576.jpg 768w, https:\/\/bojornal.pt\/wp-content\/uploads\/2022\/04\/Centro-de-arte-contem_Visita2-1536x1152.jpg 1536w, https:\/\/bojornal.pt\/wp-content\/uploads\/2022\/04\/Centro-de-arte-contem_Visita2.jpg 2048w\" sizes=\"auto, (max-width: 1024px) 100vw, 1024px\" \/><\/figure>\n\n\n\n<figure class=\"wp-block-image size-large is-style-default\"><img loading=\"lazy\" decoding=\"async\" width=\"1024\" height=\"768\" data-id=\"11136\" src=\"https:\/\/bojornal.pt\/wp-content\/uploads\/2022\/04\/Centro-de-arte-contem_Visita3-1024x768.jpg\" alt=\"\" class=\"wp-image-11136\" srcset=\"https:\/\/bojornal.pt\/wp-content\/uploads\/2022\/04\/Centro-de-arte-contem_Visita3-1024x768.jpg 1024w, https:\/\/bojornal.pt\/wp-content\/uploads\/2022\/04\/Centro-de-arte-contem_Visita3-300x225.jpg 300w, https:\/\/bojornal.pt\/wp-content\/uploads\/2022\/04\/Centro-de-arte-contem_Visita3-150x113.jpg 150w, https:\/\/bojornal.pt\/wp-content\/uploads\/2022\/04\/Centro-de-arte-contem_Visita3-768x576.jpg 768w, https:\/\/bojornal.pt\/wp-content\/uploads\/2022\/04\/Centro-de-arte-contem_Visita3-1536x1152.jpg 1536w, https:\/\/bojornal.pt\/wp-content\/uploads\/2022\/04\/Centro-de-arte-contem_Visita3.jpg 2048w\" sizes=\"auto, (max-width: 1024px) 100vw, 1024px\" \/><\/figure>\n\n\n\n<figure class=\"wp-block-image size-large is-style-default\"><img loading=\"lazy\" decoding=\"async\" width=\"1024\" height=\"768\" data-id=\"11142\" src=\"https:\/\/bojornal.pt\/wp-content\/uploads\/2022\/04\/Centro-de-arte-contem_Visita4-1024x768.jpg\" alt=\"\" class=\"wp-image-11142\" srcset=\"https:\/\/bojornal.pt\/wp-content\/uploads\/2022\/04\/Centro-de-arte-contem_Visita4-1024x768.jpg 1024w, https:\/\/bojornal.pt\/wp-content\/uploads\/2022\/04\/Centro-de-arte-contem_Visita4-300x225.jpg 300w, https:\/\/bojornal.pt\/wp-content\/uploads\/2022\/04\/Centro-de-arte-contem_Visita4-150x113.jpg 150w, https:\/\/bojornal.pt\/wp-content\/uploads\/2022\/04\/Centro-de-arte-contem_Visita4-768x576.jpg 768w, https:\/\/bojornal.pt\/wp-content\/uploads\/2022\/04\/Centro-de-arte-contem_Visita4-1536x1152.jpg 1536w, https:\/\/bojornal.pt\/wp-content\/uploads\/2022\/04\/Centro-de-arte-contem_Visita4.jpg 2048w\" sizes=\"auto, (max-width: 1024px) 100vw, 1024px\" \/><\/figure>\n\n\n\n<figure class=\"wp-block-image size-large is-style-default\"><img loading=\"lazy\" decoding=\"async\" width=\"1024\" height=\"768\" data-id=\"11145\" src=\"https:\/\/bojornal.pt\/wp-content\/uploads\/2022\/04\/Centro-de-arte-contem_Visita6-1024x768.jpg\" alt=\"\" class=\"wp-image-11145\" srcset=\"https:\/\/bojornal.pt\/wp-content\/uploads\/2022\/04\/Centro-de-arte-contem_Visita6-1024x768.jpg 1024w, https:\/\/bojornal.pt\/wp-content\/uploads\/2022\/04\/Centro-de-arte-contem_Visita6-300x225.jpg 300w, https:\/\/bojornal.pt\/wp-content\/uploads\/2022\/04\/Centro-de-arte-contem_Visita6-150x113.jpg 150w, https:\/\/bojornal.pt\/wp-content\/uploads\/2022\/04\/Centro-de-arte-contem_Visita6-768x576.jpg 768w, https:\/\/bojornal.pt\/wp-content\/uploads\/2022\/04\/Centro-de-arte-contem_Visita6-1536x1152.jpg 1536w, https:\/\/bojornal.pt\/wp-content\/uploads\/2022\/04\/Centro-de-arte-contem_Visita6.jpg 2048w\" sizes=\"auto, (max-width: 1024px) 100vw, 1024px\" \/><\/figure>\n\n\n\n<figure class=\"wp-block-image size-large is-style-default\"><img loading=\"lazy\" decoding=\"async\" width=\"1024\" height=\"768\" data-id=\"11146\" src=\"https:\/\/bojornal.pt\/wp-content\/uploads\/2022\/04\/Centro-de-arte-contem_Visita7-1024x768.jpg\" alt=\"\" class=\"wp-image-11146\" srcset=\"https:\/\/bojornal.pt\/wp-content\/uploads\/2022\/04\/Centro-de-arte-contem_Visita7-1024x768.jpg 1024w, https:\/\/bojornal.pt\/wp-content\/uploads\/2022\/04\/Centro-de-arte-contem_Visita7-300x225.jpg 300w, https:\/\/bojornal.pt\/wp-content\/uploads\/2022\/04\/Centro-de-arte-contem_Visita7-150x113.jpg 150w, https:\/\/bojornal.pt\/wp-content\/uploads\/2022\/04\/Centro-de-arte-contem_Visita7-768x576.jpg 768w, https:\/\/bojornal.pt\/wp-content\/uploads\/2022\/04\/Centro-de-arte-contem_Visita7-1536x1152.jpg 1536w, https:\/\/bojornal.pt\/wp-content\/uploads\/2022\/04\/Centro-de-arte-contem_Visita7.jpg 2048w\" sizes=\"auto, (max-width: 1024px) 100vw, 1024px\" \/><\/figure>\n\n\n\n<figure class=\"wp-block-image size-large is-style-default\"><img loading=\"lazy\" decoding=\"async\" width=\"1024\" height=\"768\" data-id=\"11135\" src=\"https:\/\/bojornal.pt\/wp-content\/uploads\/2022\/04\/Centro-de-arte-contem_Visita8-1024x768.jpg\" alt=\"\" class=\"wp-image-11135\" srcset=\"https:\/\/bojornal.pt\/wp-content\/uploads\/2022\/04\/Centro-de-arte-contem_Visita8-1024x768.jpg 1024w, https:\/\/bojornal.pt\/wp-content\/uploads\/2022\/04\/Centro-de-arte-contem_Visita8-300x225.jpg 300w, https:\/\/bojornal.pt\/wp-content\/uploads\/2022\/04\/Centro-de-arte-contem_Visita8-150x113.jpg 150w, https:\/\/bojornal.pt\/wp-content\/uploads\/2022\/04\/Centro-de-arte-contem_Visita8-768x576.jpg 768w, https:\/\/bojornal.pt\/wp-content\/uploads\/2022\/04\/Centro-de-arte-contem_Visita8-1536x1152.jpg 1536w, https:\/\/bojornal.pt\/wp-content\/uploads\/2022\/04\/Centro-de-arte-contem_Visita8.jpg 2048w\" sizes=\"auto, (max-width: 1024px) 100vw, 1024px\" \/><\/figure>\n\n\n\n<figure class=\"wp-block-image size-large is-style-default\"><img loading=\"lazy\" decoding=\"async\" width=\"1024\" height=\"768\" data-id=\"11147\" src=\"https:\/\/bojornal.pt\/wp-content\/uploads\/2022\/04\/Centro-de-arte-contem_Visita9-1024x768.jpg\" alt=\"\" class=\"wp-image-11147\" srcset=\"https:\/\/bojornal.pt\/wp-content\/uploads\/2022\/04\/Centro-de-arte-contem_Visita9-1024x768.jpg 1024w, https:\/\/bojornal.pt\/wp-content\/uploads\/2022\/04\/Centro-de-arte-contem_Visita9-300x225.jpg 300w, https:\/\/bojornal.pt\/wp-content\/uploads\/2022\/04\/Centro-de-arte-contem_Visita9-150x113.jpg 150w, https:\/\/bojornal.pt\/wp-content\/uploads\/2022\/04\/Centro-de-arte-contem_Visita9-768x576.jpg 768w, https:\/\/bojornal.pt\/wp-content\/uploads\/2022\/04\/Centro-de-arte-contem_Visita9-1536x1152.jpg 1536w, https:\/\/bojornal.pt\/wp-content\/uploads\/2022\/04\/Centro-de-arte-contem_Visita9.jpg 2048w\" sizes=\"auto, (max-width: 1024px) 100vw, 1024px\" \/><\/figure>\n\n\n\n<figure class=\"wp-block-image size-large is-style-default\"><img loading=\"lazy\" decoding=\"async\" width=\"1024\" height=\"768\" data-id=\"11141\" src=\"https:\/\/bojornal.pt\/wp-content\/uploads\/2022\/04\/Centro-de-arte-contem_Visita11-1024x768.jpg\" alt=\"\" class=\"wp-image-11141\" srcset=\"https:\/\/bojornal.pt\/wp-content\/uploads\/2022\/04\/Centro-de-arte-contem_Visita11-1024x768.jpg 1024w, https:\/\/bojornal.pt\/wp-content\/uploads\/2022\/04\/Centro-de-arte-contem_Visita11-300x225.jpg 300w, https:\/\/bojornal.pt\/wp-content\/uploads\/2022\/04\/Centro-de-arte-contem_Visita11-150x113.jpg 150w, https:\/\/bojornal.pt\/wp-content\/uploads\/2022\/04\/Centro-de-arte-contem_Visita11-768x576.jpg 768w, https:\/\/bojornal.pt\/wp-content\/uploads\/2022\/04\/Centro-de-arte-contem_Visita11-1536x1152.jpg 1536w, https:\/\/bojornal.pt\/wp-content\/uploads\/2022\/04\/Centro-de-arte-contem_Visita11.jpg 2048w\" sizes=\"auto, (max-width: 1024px) 100vw, 1024px\" \/><\/figure>\n\n\n\n<figure class=\"wp-block-image size-large is-style-default\"><img loading=\"lazy\" decoding=\"async\" width=\"1024\" height=\"768\" data-id=\"11137\" src=\"https:\/\/bojornal.pt\/wp-content\/uploads\/2022\/04\/Centro-de-arte-contem_Visita12-1024x768.jpg\" alt=\"\" class=\"wp-image-11137\" srcset=\"https:\/\/bojornal.pt\/wp-content\/uploads\/2022\/04\/Centro-de-arte-contem_Visita12-1024x768.jpg 1024w, https:\/\/bojornal.pt\/wp-content\/uploads\/2022\/04\/Centro-de-arte-contem_Visita12-300x225.jpg 300w, https:\/\/bojornal.pt\/wp-content\/uploads\/2022\/04\/Centro-de-arte-contem_Visita12-150x113.jpg 150w, https:\/\/bojornal.pt\/wp-content\/uploads\/2022\/04\/Centro-de-arte-contem_Visita12-768x576.jpg 768w, https:\/\/bojornal.pt\/wp-content\/uploads\/2022\/04\/Centro-de-arte-contem_Visita12-1536x1152.jpg 1536w, https:\/\/bojornal.pt\/wp-content\/uploads\/2022\/04\/Centro-de-arte-contem_Visita12.jpg 2048w\" sizes=\"auto, (max-width: 1024px) 100vw, 1024px\" \/><\/figure>\n\n\n\n<figure class=\"wp-block-image size-large is-style-default\"><img loading=\"lazy\" decoding=\"async\" width=\"1024\" height=\"768\" data-id=\"11138\" src=\"https:\/\/bojornal.pt\/wp-content\/uploads\/2022\/04\/Centro-de-arte-contem_Visita13-1024x768.jpg\" alt=\"\" class=\"wp-image-11138\" srcset=\"https:\/\/bojornal.pt\/wp-content\/uploads\/2022\/04\/Centro-de-arte-contem_Visita13-1024x768.jpg 1024w, https:\/\/bojornal.pt\/wp-content\/uploads\/2022\/04\/Centro-de-arte-contem_Visita13-300x225.jpg 300w, https:\/\/bojornal.pt\/wp-content\/uploads\/2022\/04\/Centro-de-arte-contem_Visita13-150x113.jpg 150w, https:\/\/bojornal.pt\/wp-content\/uploads\/2022\/04\/Centro-de-arte-contem_Visita13-768x576.jpg 768w, https:\/\/bojornal.pt\/wp-content\/uploads\/2022\/04\/Centro-de-arte-contem_Visita13-1536x1152.jpg 1536w, https:\/\/bojornal.pt\/wp-content\/uploads\/2022\/04\/Centro-de-arte-contem_Visita13.jpg 2048w\" sizes=\"auto, (max-width: 1024px) 100vw, 1024px\" \/><\/figure>\n\n\n\n<figure class=\"wp-block-image size-large is-style-default\"><img loading=\"lazy\" decoding=\"async\" width=\"1024\" height=\"768\" data-id=\"11139\" src=\"https:\/\/bojornal.pt\/wp-content\/uploads\/2022\/04\/Centro-de-arte-contem_Visita14-1024x768.jpg\" alt=\"\" class=\"wp-image-11139\" srcset=\"https:\/\/bojornal.pt\/wp-content\/uploads\/2022\/04\/Centro-de-arte-contem_Visita14-1024x768.jpg 1024w, https:\/\/bojornal.pt\/wp-content\/uploads\/2022\/04\/Centro-de-arte-contem_Visita14-300x225.jpg 300w, https:\/\/bojornal.pt\/wp-content\/uploads\/2022\/04\/Centro-de-arte-contem_Visita14-150x113.jpg 150w, https:\/\/bojornal.pt\/wp-content\/uploads\/2022\/04\/Centro-de-arte-contem_Visita14-768x576.jpg 768w, https:\/\/bojornal.pt\/wp-content\/uploads\/2022\/04\/Centro-de-arte-contem_Visita14-1536x1152.jpg 1536w, https:\/\/bojornal.pt\/wp-content\/uploads\/2022\/04\/Centro-de-arte-contem_Visita14.jpg 2048w\" sizes=\"auto, (max-width: 1024px) 100vw, 1024px\" \/><\/figure>\n\n\n\n<figure class=\"wp-block-image size-large is-style-default\"><img loading=\"lazy\" decoding=\"async\" width=\"1024\" height=\"768\" data-id=\"11143\" src=\"https:\/\/bojornal.pt\/wp-content\/uploads\/2022\/04\/Centro-de-arte-contem_Visita15-1024x768.jpg\" alt=\"\" class=\"wp-image-11143\" srcset=\"https:\/\/bojornal.pt\/wp-content\/uploads\/2022\/04\/Centro-de-arte-contem_Visita15-1024x768.jpg 1024w, https:\/\/bojornal.pt\/wp-content\/uploads\/2022\/04\/Centro-de-arte-contem_Visita15-300x225.jpg 300w, https:\/\/bojornal.pt\/wp-content\/uploads\/2022\/04\/Centro-de-arte-contem_Visita15-150x113.jpg 150w, https:\/\/bojornal.pt\/wp-content\/uploads\/2022\/04\/Centro-de-arte-contem_Visita15-768x576.jpg 768w, https:\/\/bojornal.pt\/wp-content\/uploads\/2022\/04\/Centro-de-arte-contem_Visita15-1536x1152.jpg 1536w, https:\/\/bojornal.pt\/wp-content\/uploads\/2022\/04\/Centro-de-arte-contem_Visita15.jpg 2048w\" sizes=\"auto, (max-width: 1024px) 100vw, 1024px\" \/><\/figure>\n\n\n\n<figure class=\"wp-block-image size-large is-style-default\"><img loading=\"lazy\" decoding=\"async\" width=\"1024\" height=\"768\" data-id=\"11148\" src=\"https:\/\/bojornal.pt\/wp-content\/uploads\/2022\/04\/Centro-de-arte-contem_Visita-1024x768.jpg\" alt=\"\" class=\"wp-image-11148\" srcset=\"https:\/\/bojornal.pt\/wp-content\/uploads\/2022\/04\/Centro-de-arte-contem_Visita-1024x768.jpg 1024w, https:\/\/bojornal.pt\/wp-content\/uploads\/2022\/04\/Centro-de-arte-contem_Visita-300x225.jpg 300w, https:\/\/bojornal.pt\/wp-content\/uploads\/2022\/04\/Centro-de-arte-contem_Visita-150x113.jpg 150w, https:\/\/bojornal.pt\/wp-content\/uploads\/2022\/04\/Centro-de-arte-contem_Visita-768x576.jpg 768w, https:\/\/bojornal.pt\/wp-content\/uploads\/2022\/04\/Centro-de-arte-contem_Visita-1536x1152.jpg 1536w, https:\/\/bojornal.pt\/wp-content\/uploads\/2022\/04\/Centro-de-arte-contem_Visita.jpg 2048w\" sizes=\"auto, (max-width: 1024px) 100vw, 1024px\" \/><\/figure>\n\n\n\n<figure class=\"wp-block-image size-large is-style-default\"><img loading=\"lazy\" decoding=\"async\" width=\"1024\" height=\"768\" data-id=\"11150\" src=\"https:\/\/bojornal.pt\/wp-content\/uploads\/2022\/04\/Centro-de-arte-contem_Visita5-1024x768.jpg\" alt=\"\" class=\"wp-image-11150\" srcset=\"https:\/\/bojornal.pt\/wp-content\/uploads\/2022\/04\/Centro-de-arte-contem_Visita5-1024x768.jpg 1024w, https:\/\/bojornal.pt\/wp-content\/uploads\/2022\/04\/Centro-de-arte-contem_Visita5-300x225.jpg 300w, https:\/\/bojornal.pt\/wp-content\/uploads\/2022\/04\/Centro-de-arte-contem_Visita5-150x113.jpg 150w, https:\/\/bojornal.pt\/wp-content\/uploads\/2022\/04\/Centro-de-arte-contem_Visita5-768x576.jpg 768w, https:\/\/bojornal.pt\/wp-content\/uploads\/2022\/04\/Centro-de-arte-contem_Visita5-1536x1152.jpg 1536w, https:\/\/bojornal.pt\/wp-content\/uploads\/2022\/04\/Centro-de-arte-contem_Visita5.jpg 2048w\" sizes=\"auto, (max-width: 1024px) 100vw, 1024px\" \/><\/figure>\n\n\n\n<figure class=\"wp-block-image size-large is-style-default\"><img loading=\"lazy\" decoding=\"async\" width=\"1024\" height=\"768\" data-id=\"11149\" src=\"https:\/\/bojornal.pt\/wp-content\/uploads\/2022\/04\/Centro-de-arte-contem_Visita10-1024x768.jpg\" alt=\"\" class=\"wp-image-11149\" srcset=\"https:\/\/bojornal.pt\/wp-content\/uploads\/2022\/04\/Centro-de-arte-contem_Visita10-1024x768.jpg 1024w, https:\/\/bojornal.pt\/wp-content\/uploads\/2022\/04\/Centro-de-arte-contem_Visita10-300x225.jpg 300w, https:\/\/bojornal.pt\/wp-content\/uploads\/2022\/04\/Centro-de-arte-contem_Visita10-150x113.jpg 150w, https:\/\/bojornal.pt\/wp-content\/uploads\/2022\/04\/Centro-de-arte-contem_Visita10-768x576.jpg 768w, https:\/\/bojornal.pt\/wp-content\/uploads\/2022\/04\/Centro-de-arte-contem_Visita10-1536x1152.jpg 1536w, https:\/\/bojornal.pt\/wp-content\/uploads\/2022\/04\/Centro-de-arte-contem_Visita10.jpg 2048w\" sizes=\"auto, (max-width: 1024px) 100vw, 1024px\" \/><\/figure>\n<\/figure>\n\n\n\n<p>Os alunos das turmas de 11\u00baA e 11\u00baC, inscritos de EMRC, visitaram o Centro de Arte Contempor\u00e2nea Gra\u00e7a Morais, em Bragan\u00e7a. Enquadrada na tem\u00e1tica lecionada, ao longo do per\u00edodo, sobre a &#8220;Arte Crist\u00e3&#8221;, esta iniciativa proporcionou, aos alunos, a oportunidade de participar na visita guiada \u00e0s exposi\u00e7\u00f5es &#8220;Inquieta\u00e7\u00f5es&#8221; (Gra\u00e7a Morais) e &#8220;Linhas de produ\u00e7\u00e3o&#8221; (Alex Dorici). Os alunos fizeram uma avalia\u00e7\u00e3o positiva da atividade.<\/p>\n","protected":false},"excerpt":{"rendered":"<p>Os alunos das turmas de 11\u00baA e 11\u00baC, inscritos de EMRC, visitaram o Centro de Arte Contempor\u00e2nea Gra\u00e7a Morais, em Bragan\u00e7a. Enquadrada na tem\u00e1tica lecionada, ao longo do per\u00edodo, sobre a &#8220;Arte Crist\u00e3&#8221;, esta&#46;&#46;&#46;<\/p>\n","protected":false},"author":2,"featured_media":11148,"comment_status":"closed","ping_status":"open","sticky":false,"template":"","format":"standard","meta":{"footnotes":""},"categories":[2,9,16],"tags":[],"class_list":["post-11134","post","type-post","status-publish","format-standard","has-post-thumbnail","hentry","category-atualidade","category-em-foco","category-escola-secundaria-emidio-garcia"],"_links":{"self":[{"href":"https:\/\/bojornal.pt\/index.php?rest_route=\/wp\/v2\/posts\/11134","targetHints":{"allow":["GET"]}}],"collection":[{"href":"https:\/\/bojornal.pt\/index.php?rest_route=\/wp\/v2\/posts"}],"about":[{"href":"https:\/\/bojornal.pt\/index.php?rest_route=\/wp\/v2\/types\/post"}],"author":[{"embeddable":true,"href":"https:\/\/bojornal.pt\/index.php?rest_route=\/wp\/v2\/users\/2"}],"replies":[{"embeddable":true,"href":"https:\/\/bojornal.pt\/index.php?rest_route=%2Fwp%2Fv2%2Fcomments&post=11134"}],"version-history":[{"count":0,"href":"https:\/\/bojornal.pt\/index.php?rest_route=\/wp\/v2\/posts\/11134\/revisions"}],"wp:featuredmedia":[{"embeddable":true,"href":"https:\/\/bojornal.pt\/index.php?rest_route=\/wp\/v2\/media\/11148"}],"wp:attachment":[{"href":"https:\/\/bojornal.pt\/index.php?rest_route=%2Fwp%2Fv2%2Fmedia&parent=11134"}],"wp:term":[{"taxonomy":"category","embeddable":true,"href":"https:\/\/bojornal.pt\/index.php?rest_route=%2Fwp%2Fv2%2Fcategories&post=11134"},{"taxonomy":"post_tag","embeddable":true,"href":"https:\/\/bojornal.pt\/index.php?rest_route=%2Fwp%2Fv2%2Ftags&post=11134"}],"curies":[{"name":"wp","href":"https:\/\/api.w.org\/{rel}","templated":true}]}}