{"id":11118,"date":"2022-04-08T21:47:00","date_gmt":"2022-04-08T20:47:00","guid":{"rendered":"https:\/\/bojornal.pt\/?p=11118"},"modified":"2022-04-15T21:50:58","modified_gmt":"2022-04-15T20:50:58","slug":"escola-das-beatas-celebra-pascoa","status":"publish","type":"post","link":"https:\/\/bojornal.pt\/?p=11118","title":{"rendered":"Escola das Beatas celebra P\u00e1scoa"},"content":{"rendered":"\n<figure class=\"wp-block-gallery has-nested-images columns-default is-cropped wp-block-gallery-1 is-layout-flex wp-block-gallery-is-layout-flex\">\n<figure class=\"wp-block-image size-large is-style-default\"><img loading=\"lazy\" decoding=\"async\" width=\"1024\" height=\"768\" data-id=\"11130\" src=\"https:\/\/bojornal.pt\/wp-content\/uploads\/2022\/04\/d514c204-6d80-458d-941c-493d452a9328.jpg\" alt=\"\" class=\"wp-image-11130\" srcset=\"https:\/\/bojornal.pt\/wp-content\/uploads\/2022\/04\/d514c204-6d80-458d-941c-493d452a9328.jpg 1024w, https:\/\/bojornal.pt\/wp-content\/uploads\/2022\/04\/d514c204-6d80-458d-941c-493d452a9328-300x225.jpg 300w, https:\/\/bojornal.pt\/wp-content\/uploads\/2022\/04\/d514c204-6d80-458d-941c-493d452a9328-150x113.jpg 150w, https:\/\/bojornal.pt\/wp-content\/uploads\/2022\/04\/d514c204-6d80-458d-941c-493d452a9328-768x576.jpg 768w\" sizes=\"auto, (max-width: 1024px) 100vw, 1024px\" \/><\/figure>\n\n\n\n<figure class=\"wp-block-image size-large is-style-default\"><img loading=\"lazy\" decoding=\"async\" width=\"768\" height=\"1024\" data-id=\"11127\" src=\"https:\/\/bojornal.pt\/wp-content\/uploads\/2022\/04\/WhatsApp-Image-2022-04-10-at-16.06.36-2.jpeg\" alt=\"\" class=\"wp-image-11127\" srcset=\"https:\/\/bojornal.pt\/wp-content\/uploads\/2022\/04\/WhatsApp-Image-2022-04-10-at-16.06.36-2.jpeg 768w, https:\/\/bojornal.pt\/wp-content\/uploads\/2022\/04\/WhatsApp-Image-2022-04-10-at-16.06.36-2-225x300.jpeg 225w, https:\/\/bojornal.pt\/wp-content\/uploads\/2022\/04\/WhatsApp-Image-2022-04-10-at-16.06.36-2-113x150.jpeg 113w\" sizes=\"auto, (max-width: 768px) 100vw, 768px\" \/><\/figure>\n\n\n\n<figure class=\"wp-block-image size-large is-style-default\"><img loading=\"lazy\" decoding=\"async\" width=\"768\" height=\"1024\" data-id=\"11126\" src=\"https:\/\/bojornal.pt\/wp-content\/uploads\/2022\/04\/WhatsApp-Image-2022-04-10-at-16.06.36.jpeg\" alt=\"\" class=\"wp-image-11126\" srcset=\"https:\/\/bojornal.pt\/wp-content\/uploads\/2022\/04\/WhatsApp-Image-2022-04-10-at-16.06.36.jpeg 768w, https:\/\/bojornal.pt\/wp-content\/uploads\/2022\/04\/WhatsApp-Image-2022-04-10-at-16.06.36-225x300.jpeg 225w, https:\/\/bojornal.pt\/wp-content\/uploads\/2022\/04\/WhatsApp-Image-2022-04-10-at-16.06.36-113x150.jpeg 113w\" sizes=\"auto, (max-width: 768px) 100vw, 768px\" \/><\/figure>\n\n\n\n<figure class=\"wp-block-image size-large is-style-default\"><img loading=\"lazy\" decoding=\"async\" width=\"1024\" height=\"768\" data-id=\"11128\" src=\"https:\/\/bojornal.pt\/wp-content\/uploads\/2022\/04\/WhatsApp-Image-2022-04-10-at-16.06.37.jpeg\" alt=\"\" class=\"wp-image-11128\" srcset=\"https:\/\/bojornal.pt\/wp-content\/uploads\/2022\/04\/WhatsApp-Image-2022-04-10-at-16.06.37.jpeg 1024w, https:\/\/bojornal.pt\/wp-content\/uploads\/2022\/04\/WhatsApp-Image-2022-04-10-at-16.06.37-300x225.jpeg 300w, https:\/\/bojornal.pt\/wp-content\/uploads\/2022\/04\/WhatsApp-Image-2022-04-10-at-16.06.37-150x113.jpeg 150w, https:\/\/bojornal.pt\/wp-content\/uploads\/2022\/04\/WhatsApp-Image-2022-04-10-at-16.06.37-768x576.jpeg 768w\" sizes=\"auto, (max-width: 1024px) 100vw, 1024px\" \/><\/figure>\n\n\n\n<figure class=\"wp-block-image size-large is-style-default\"><img loading=\"lazy\" decoding=\"async\" width=\"1024\" height=\"768\" data-id=\"11131\" src=\"https:\/\/bojornal.pt\/wp-content\/uploads\/2022\/04\/WhatsApp-Image-2022-04-10-at-16.06.38.jpeg\" alt=\"\" class=\"wp-image-11131\" srcset=\"https:\/\/bojornal.pt\/wp-content\/uploads\/2022\/04\/WhatsApp-Image-2022-04-10-at-16.06.38.jpeg 1024w, https:\/\/bojornal.pt\/wp-content\/uploads\/2022\/04\/WhatsApp-Image-2022-04-10-at-16.06.38-300x225.jpeg 300w, https:\/\/bojornal.pt\/wp-content\/uploads\/2022\/04\/WhatsApp-Image-2022-04-10-at-16.06.38-150x113.jpeg 150w, https:\/\/bojornal.pt\/wp-content\/uploads\/2022\/04\/WhatsApp-Image-2022-04-10-at-16.06.38-768x576.jpeg 768w\" sizes=\"auto, (max-width: 1024px) 100vw, 1024px\" \/><\/figure>\n\n\n\n<figure class=\"wp-block-image size-large is-style-default\"><img loading=\"lazy\" decoding=\"async\" width=\"768\" height=\"1024\" data-id=\"11124\" src=\"https:\/\/bojornal.pt\/wp-content\/uploads\/2022\/04\/WhatsApp-Image-2022-04-10-at-16.06.39-1.jpeg\" alt=\"\" class=\"wp-image-11124\" srcset=\"https:\/\/bojornal.pt\/wp-content\/uploads\/2022\/04\/WhatsApp-Image-2022-04-10-at-16.06.39-1.jpeg 768w, https:\/\/bojornal.pt\/wp-content\/uploads\/2022\/04\/WhatsApp-Image-2022-04-10-at-16.06.39-1-225x300.jpeg 225w, https:\/\/bojornal.pt\/wp-content\/uploads\/2022\/04\/WhatsApp-Image-2022-04-10-at-16.06.39-1-113x150.jpeg 113w\" sizes=\"auto, (max-width: 768px) 100vw, 768px\" \/><\/figure>\n\n\n\n<figure class=\"wp-block-image size-large is-style-default\"><img loading=\"lazy\" decoding=\"async\" width=\"768\" height=\"1024\" data-id=\"11122\" src=\"https:\/\/bojornal.pt\/wp-content\/uploads\/2022\/04\/WhatsApp-Image-2022-04-10-at-16.06.39-2.jpeg\" alt=\"\" class=\"wp-image-11122\" srcset=\"https:\/\/bojornal.pt\/wp-content\/uploads\/2022\/04\/WhatsApp-Image-2022-04-10-at-16.06.39-2.jpeg 768w, https:\/\/bojornal.pt\/wp-content\/uploads\/2022\/04\/WhatsApp-Image-2022-04-10-at-16.06.39-2-225x300.jpeg 225w, https:\/\/bojornal.pt\/wp-content\/uploads\/2022\/04\/WhatsApp-Image-2022-04-10-at-16.06.39-2-113x150.jpeg 113w\" sizes=\"auto, (max-width: 768px) 100vw, 768px\" \/><\/figure>\n\n\n\n<figure class=\"wp-block-image size-large is-style-default\"><img loading=\"lazy\" decoding=\"async\" width=\"768\" height=\"1024\" data-id=\"11123\" src=\"https:\/\/bojornal.pt\/wp-content\/uploads\/2022\/04\/WhatsApp-Image-2022-04-10-at-16.06.39.jpeg\" alt=\"\" class=\"wp-image-11123\" srcset=\"https:\/\/bojornal.pt\/wp-content\/uploads\/2022\/04\/WhatsApp-Image-2022-04-10-at-16.06.39.jpeg 768w, https:\/\/bojornal.pt\/wp-content\/uploads\/2022\/04\/WhatsApp-Image-2022-04-10-at-16.06.39-225x300.jpeg 225w, https:\/\/bojornal.pt\/wp-content\/uploads\/2022\/04\/WhatsApp-Image-2022-04-10-at-16.06.39-113x150.jpeg 113w\" sizes=\"auto, (max-width: 768px) 100vw, 768px\" \/><\/figure>\n\n\n\n<figure class=\"wp-block-image size-large is-style-default\"><img loading=\"lazy\" decoding=\"async\" width=\"1024\" height=\"768\" data-id=\"11129\" src=\"https:\/\/bojornal.pt\/wp-content\/uploads\/2022\/04\/WhatsApp-Image-2022-04-10-at-16.06.40-1.jpeg\" alt=\"\" class=\"wp-image-11129\" srcset=\"https:\/\/bojornal.pt\/wp-content\/uploads\/2022\/04\/WhatsApp-Image-2022-04-10-at-16.06.40-1.jpeg 1024w, https:\/\/bojornal.pt\/wp-content\/uploads\/2022\/04\/WhatsApp-Image-2022-04-10-at-16.06.40-1-300x225.jpeg 300w, https:\/\/bojornal.pt\/wp-content\/uploads\/2022\/04\/WhatsApp-Image-2022-04-10-at-16.06.40-1-150x113.jpeg 150w, https:\/\/bojornal.pt\/wp-content\/uploads\/2022\/04\/WhatsApp-Image-2022-04-10-at-16.06.40-1-768x576.jpeg 768w\" sizes=\"auto, (max-width: 1024px) 100vw, 1024px\" \/><\/figure>\n\n\n\n<figure class=\"wp-block-image size-large is-style-default\"><img loading=\"lazy\" decoding=\"async\" width=\"768\" height=\"1024\" data-id=\"11119\" src=\"https:\/\/bojornal.pt\/wp-content\/uploads\/2022\/04\/WhatsApp-Image-2022-04-10-at-16.06.40.jpeg\" alt=\"\" class=\"wp-image-11119\" srcset=\"https:\/\/bojornal.pt\/wp-content\/uploads\/2022\/04\/WhatsApp-Image-2022-04-10-at-16.06.40.jpeg 768w, https:\/\/bojornal.pt\/wp-content\/uploads\/2022\/04\/WhatsApp-Image-2022-04-10-at-16.06.40-225x300.jpeg 225w, https:\/\/bojornal.pt\/wp-content\/uploads\/2022\/04\/WhatsApp-Image-2022-04-10-at-16.06.40-113x150.jpeg 113w\" sizes=\"auto, (max-width: 768px) 100vw, 768px\" \/><\/figure>\n\n\n\n<figure class=\"wp-block-image size-large is-style-default\"><img loading=\"lazy\" decoding=\"async\" width=\"768\" height=\"1024\" data-id=\"11125\" src=\"https:\/\/bojornal.pt\/wp-content\/uploads\/2022\/04\/WhatsApp-Image-2022-04-10-at-16.09.10.jpeg\" alt=\"\" class=\"wp-image-11125\" srcset=\"https:\/\/bojornal.pt\/wp-content\/uploads\/2022\/04\/WhatsApp-Image-2022-04-10-at-16.09.10.jpeg 768w, https:\/\/bojornal.pt\/wp-content\/uploads\/2022\/04\/WhatsApp-Image-2022-04-10-at-16.09.10-225x300.jpeg 225w, https:\/\/bojornal.pt\/wp-content\/uploads\/2022\/04\/WhatsApp-Image-2022-04-10-at-16.09.10-113x150.jpeg 113w\" sizes=\"auto, (max-width: 768px) 100vw, 768px\" \/><\/figure>\n\n\n\n<figure class=\"wp-block-image size-large is-style-default\"><img loading=\"lazy\" decoding=\"async\" width=\"768\" height=\"1024\" data-id=\"11120\" src=\"https:\/\/bojornal.pt\/wp-content\/uploads\/2022\/04\/WhatsApp-Image-2022-04-10-at-16.12.18.jpeg\" alt=\"\" class=\"wp-image-11120\" srcset=\"https:\/\/bojornal.pt\/wp-content\/uploads\/2022\/04\/WhatsApp-Image-2022-04-10-at-16.12.18.jpeg 768w, https:\/\/bojornal.pt\/wp-content\/uploads\/2022\/04\/WhatsApp-Image-2022-04-10-at-16.12.18-225x300.jpeg 225w, https:\/\/bojornal.pt\/wp-content\/uploads\/2022\/04\/WhatsApp-Image-2022-04-10-at-16.12.18-113x150.jpeg 113w\" sizes=\"auto, (max-width: 768px) 100vw, 768px\" \/><\/figure>\n\n\n\n<figure class=\"wp-block-image size-large is-style-default\"><img loading=\"lazy\" decoding=\"async\" width=\"1024\" height=\"768\" data-id=\"11121\" src=\"https:\/\/bojornal.pt\/wp-content\/uploads\/2022\/04\/WhatsApp-Image-2022-04-10-at-16.12.20.jpeg\" alt=\"\" class=\"wp-image-11121\" srcset=\"https:\/\/bojornal.pt\/wp-content\/uploads\/2022\/04\/WhatsApp-Image-2022-04-10-at-16.12.20.jpeg 1024w, https:\/\/bojornal.pt\/wp-content\/uploads\/2022\/04\/WhatsApp-Image-2022-04-10-at-16.12.20-300x225.jpeg 300w, https:\/\/bojornal.pt\/wp-content\/uploads\/2022\/04\/WhatsApp-Image-2022-04-10-at-16.12.20-150x113.jpeg 150w, https:\/\/bojornal.pt\/wp-content\/uploads\/2022\/04\/WhatsApp-Image-2022-04-10-at-16.12.20-768x576.jpeg 768w\" sizes=\"auto, (max-width: 1024px) 100vw, 1024px\" \/><\/figure>\n<\/figure>\n\n\n\n<p>A Escola das Beatas celebrou a habitual Comunh\u00e3o Pascal, sob o tema: \u201cReconstruir a Paz\u201d. A celebra\u00e7\u00e3o realizada, na Igreja dos Santos M\u00e1rtires de Bragan\u00e7a, no passado dia 8 de abril, foi presidida pelo P. Ant\u00f3nio Magalh\u00e3es, tamb\u00e9m professor no nosso agrupamento. A liturgia esteve associada ao tema da paz como forma de sensibiliza\u00e7\u00e3o para a atual situa\u00e7\u00e3o de guerra vivida no mundo. <\/p>\n","protected":false},"excerpt":{"rendered":"<p>A Escola das Beatas celebrou a habitual Comunh\u00e3o Pascal, sob o tema: \u201cReconstruir a Paz\u201d. A celebra\u00e7\u00e3o realizada, na Igreja dos Santos M\u00e1rtires de Bragan\u00e7a, no passado dia 8 de abril, foi presidida pelo&#46;&#46;&#46;<\/p>\n","protected":false},"author":2,"featured_media":11121,"comment_status":"closed","ping_status":"open","sticky":false,"template":"","format":"standard","meta":{"footnotes":""},"categories":[14,2],"tags":[],"class_list":["post-11118","post","type-post","status-publish","format-standard","has-post-thumbnail","hentry","category-1o-ciclo","category-atualidade"],"_links":{"self":[{"href":"https:\/\/bojornal.pt\/index.php?rest_route=\/wp\/v2\/posts\/11118","targetHints":{"allow":["GET"]}}],"collection":[{"href":"https:\/\/bojornal.pt\/index.php?rest_route=\/wp\/v2\/posts"}],"about":[{"href":"https:\/\/bojornal.pt\/index.php?rest_route=\/wp\/v2\/types\/post"}],"author":[{"embeddable":true,"href":"https:\/\/bojornal.pt\/index.php?rest_route=\/wp\/v2\/users\/2"}],"replies":[{"embeddable":true,"href":"https:\/\/bojornal.pt\/index.php?rest_route=%2Fwp%2Fv2%2Fcomments&post=11118"}],"version-history":[{"count":0,"href":"https:\/\/bojornal.pt\/index.php?rest_route=\/wp\/v2\/posts\/11118\/revisions"}],"wp:featuredmedia":[{"embeddable":true,"href":"https:\/\/bojornal.pt\/index.php?rest_route=\/wp\/v2\/media\/11121"}],"wp:attachment":[{"href":"https:\/\/bojornal.pt\/index.php?rest_route=%2Fwp%2Fv2%2Fmedia&parent=11118"}],"wp:term":[{"taxonomy":"category","embeddable":true,"href":"https:\/\/bojornal.pt\/index.php?rest_route=%2Fwp%2Fv2%2Fcategories&post=11118"},{"taxonomy":"post_tag","embeddable":true,"href":"https:\/\/bojornal.pt\/index.php?rest_route=%2Fwp%2Fv2%2Ftags&post=11118"}],"curies":[{"name":"wp","href":"https:\/\/api.w.org\/{rel}","templated":true}]}}