{"id":11064,"date":"2022-04-07T20:59:00","date_gmt":"2022-04-07T19:59:00","guid":{"rendered":"https:\/\/bojornal.pt\/?p=11064"},"modified":"2022-04-15T21:03:19","modified_gmt":"2022-04-15T20:03:19","slug":"alunos-de-9oano-em-palestra-sobre-a-historia-da-aviacao","status":"publish","type":"post","link":"https:\/\/bojornal.pt\/?p=11064","title":{"rendered":"Alunos de 9\u00baAno em palestra sobre a Hist\u00f3ria da Avia\u00e7\u00e3o"},"content":{"rendered":"\n<figure class=\"wp-block-gallery has-nested-images columns-default is-cropped wp-block-gallery-1 is-layout-flex wp-block-gallery-is-layout-flex\">\n<figure class=\"wp-block-image size-large is-style-default\"><img loading=\"lazy\" decoding=\"async\" width=\"1024\" height=\"683\" data-id=\"11065\" src=\"https:\/\/bojornal.pt\/wp-content\/uploads\/2022\/04\/PULL-UP-ACADEMY-1-1024x683.jpg\" alt=\"\" class=\"wp-image-11065\" srcset=\"https:\/\/bojornal.pt\/wp-content\/uploads\/2022\/04\/PULL-UP-ACADEMY-1-1024x683.jpg 1024w, https:\/\/bojornal.pt\/wp-content\/uploads\/2022\/04\/PULL-UP-ACADEMY-1-300x200.jpg 300w, https:\/\/bojornal.pt\/wp-content\/uploads\/2022\/04\/PULL-UP-ACADEMY-1-150x100.jpg 150w, https:\/\/bojornal.pt\/wp-content\/uploads\/2022\/04\/PULL-UP-ACADEMY-1-768x512.jpg 768w, https:\/\/bojornal.pt\/wp-content\/uploads\/2022\/04\/PULL-UP-ACADEMY-1-1536x1024.jpg 1536w, https:\/\/bojornal.pt\/wp-content\/uploads\/2022\/04\/PULL-UP-ACADEMY-1-2048x1365.jpg 2048w\" sizes=\"auto, (max-width: 1024px) 100vw, 1024px\" \/><\/figure>\n\n\n\n<figure class=\"wp-block-image size-large is-style-default\"><img loading=\"lazy\" decoding=\"async\" width=\"1024\" height=\"683\" data-id=\"11066\" src=\"https:\/\/bojornal.pt\/wp-content\/uploads\/2022\/04\/PULL-UP-ACADEMY-2-1024x683.jpg\" alt=\"\" class=\"wp-image-11066\" srcset=\"https:\/\/bojornal.pt\/wp-content\/uploads\/2022\/04\/PULL-UP-ACADEMY-2-1024x683.jpg 1024w, https:\/\/bojornal.pt\/wp-content\/uploads\/2022\/04\/PULL-UP-ACADEMY-2-300x200.jpg 300w, https:\/\/bojornal.pt\/wp-content\/uploads\/2022\/04\/PULL-UP-ACADEMY-2-150x100.jpg 150w, https:\/\/bojornal.pt\/wp-content\/uploads\/2022\/04\/PULL-UP-ACADEMY-2-768x512.jpg 768w, https:\/\/bojornal.pt\/wp-content\/uploads\/2022\/04\/PULL-UP-ACADEMY-2-1536x1024.jpg 1536w, https:\/\/bojornal.pt\/wp-content\/uploads\/2022\/04\/PULL-UP-ACADEMY-2-2048x1365.jpg 2048w\" sizes=\"auto, (max-width: 1024px) 100vw, 1024px\" \/><\/figure>\n<\/figure>\n\n\n\n<p>Os alunos de 9\u00baano da Escola Em\u00eddio Garcia participaram, no passado dia 6 de abril, numa palestra sobre a Hist\u00f3ria da Avia\u00e7\u00e3o, promovida pela &#8220;PULL UP ACADEMY&#8221;. A PULL UP ACADEMY \u00e9 uma academia sediada em Bragan\u00e7a e tem como\u00a0 objetivo principal formar pilotos da Linha A\u00e9rea\u00a0 e determinar a mudan\u00e7a de paradigma na forma\u00e7\u00e3o de pilotos, focando-se no desenvolvimento de compet\u00eancias dos alunos relacionadas com a resolu\u00e7\u00e3o e gest\u00e3o de situa\u00e7\u00f5es inesperadas.\u00a0<\/p>\n","protected":false},"excerpt":{"rendered":"<p>Os alunos de 9\u00baano da Escola Em\u00eddio Garcia participaram, no passado dia 6 de abril, numa palestra sobre a Hist\u00f3ria da Avia\u00e7\u00e3o, promovida pela &#8220;PULL UP ACADEMY&#8221;. A PULL UP ACADEMY \u00e9 uma academia&#46;&#46;&#46;<\/p>\n","protected":false},"author":2,"featured_media":11066,"comment_status":"closed","ping_status":"open","sticky":false,"template":"","format":"standard","meta":{"footnotes":""},"categories":[2,9,16],"tags":[],"class_list":["post-11064","post","type-post","status-publish","format-standard","has-post-thumbnail","hentry","category-atualidade","category-em-foco","category-escola-secundaria-emidio-garcia"],"_links":{"self":[{"href":"https:\/\/bojornal.pt\/index.php?rest_route=\/wp\/v2\/posts\/11064","targetHints":{"allow":["GET"]}}],"collection":[{"href":"https:\/\/bojornal.pt\/index.php?rest_route=\/wp\/v2\/posts"}],"about":[{"href":"https:\/\/bojornal.pt\/index.php?rest_route=\/wp\/v2\/types\/post"}],"author":[{"embeddable":true,"href":"https:\/\/bojornal.pt\/index.php?rest_route=\/wp\/v2\/users\/2"}],"replies":[{"embeddable":true,"href":"https:\/\/bojornal.pt\/index.php?rest_route=%2Fwp%2Fv2%2Fcomments&post=11064"}],"version-history":[{"count":0,"href":"https:\/\/bojornal.pt\/index.php?rest_route=\/wp\/v2\/posts\/11064\/revisions"}],"wp:featuredmedia":[{"embeddable":true,"href":"https:\/\/bojornal.pt\/index.php?rest_route=\/wp\/v2\/media\/11066"}],"wp:attachment":[{"href":"https:\/\/bojornal.pt\/index.php?rest_route=%2Fwp%2Fv2%2Fmedia&parent=11064"}],"wp:term":[{"taxonomy":"category","embeddable":true,"href":"https:\/\/bojornal.pt\/index.php?rest_route=%2Fwp%2Fv2%2Fcategories&post=11064"},{"taxonomy":"post_tag","embeddable":true,"href":"https:\/\/bojornal.pt\/index.php?rest_route=%2Fwp%2Fv2%2Ftags&post=11064"}],"curies":[{"name":"wp","href":"https:\/\/api.w.org\/{rel}","templated":true}]}}