{"id":11047,"date":"2022-04-06T18:39:00","date_gmt":"2022-04-06T17:39:00","guid":{"rendered":"https:\/\/bojornal.pt\/?p=11047"},"modified":"2022-04-12T18:44:58","modified_gmt":"2022-04-12T17:44:58","slug":"equipa-de-futsal-de-iniciados-garante-passagem-a-final","status":"publish","type":"post","link":"https:\/\/bojornal.pt\/?p=11047","title":{"rendered":"Equipa de futsal de iniciados garante passagem \u00e0 final"},"content":{"rendered":"\n<figure class=\"wp-block-image size-large is-style-default\"><img loading=\"lazy\" decoding=\"async\" width=\"1024\" height=\"677\" src=\"https:\/\/bojornal.pt\/wp-content\/uploads\/2022\/04\/Futsal-Iniciados-1024x677.jpg\" alt=\"\" class=\"wp-image-11048\" srcset=\"https:\/\/bojornal.pt\/wp-content\/uploads\/2022\/04\/Futsal-Iniciados-1024x677.jpg 1024w, https:\/\/bojornal.pt\/wp-content\/uploads\/2022\/04\/Futsal-Iniciados-300x198.jpg 300w, https:\/\/bojornal.pt\/wp-content\/uploads\/2022\/04\/Futsal-Iniciados-150x99.jpg 150w, https:\/\/bojornal.pt\/wp-content\/uploads\/2022\/04\/Futsal-Iniciados-768x508.jpg 768w, https:\/\/bojornal.pt\/wp-content\/uploads\/2022\/04\/Futsal-Iniciados-1536x1015.jpg 1536w, https:\/\/bojornal.pt\/wp-content\/uploads\/2022\/04\/Futsal-Iniciados.jpg 1687w\" sizes=\"auto, (max-width: 1024px) 100vw, 1024px\" \/><\/figure>\n\n\n\n<p>A equipa de futsal de iniciados do Agrupamento de Escolas Em\u00eddio Garcia disputou, no passado dia 6 de abril, o apuramento para a final. A equipa do Liceu esteve ao mais alto n\u00edvel, garantindo a passagem depois de duas vit\u00f3rias. A nossa equipa venceu a Escola de Mirandela, por 5-2, e a Escola Abade de Ba\u00e7al, por 9-2<br \/>Parab\u00e9ns&#8230;. <\/p>\n\n\n\n<p>Pront\u00edssimos para a final!!<\/p>\n","protected":false},"excerpt":{"rendered":"<p>A equipa de futsal de iniciados do Agrupamento de Escolas Em\u00eddio Garcia disputou, no passado dia 6 de abril, o apuramento para a final. A equipa do Liceu esteve ao mais alto n\u00edvel, garantindo&#46;&#46;&#46;<\/p>\n","protected":false},"author":2,"featured_media":11048,"comment_status":"closed","ping_status":"open","sticky":false,"template":"","format":"standard","meta":{"footnotes":""},"categories":[14,2,16],"tags":[],"class_list":["post-11047","post","type-post","status-publish","format-standard","has-post-thumbnail","hentry","category-1o-ciclo","category-atualidade","category-escola-secundaria-emidio-garcia"],"_links":{"self":[{"href":"https:\/\/bojornal.pt\/index.php?rest_route=\/wp\/v2\/posts\/11047","targetHints":{"allow":["GET"]}}],"collection":[{"href":"https:\/\/bojornal.pt\/index.php?rest_route=\/wp\/v2\/posts"}],"about":[{"href":"https:\/\/bojornal.pt\/index.php?rest_route=\/wp\/v2\/types\/post"}],"author":[{"embeddable":true,"href":"https:\/\/bojornal.pt\/index.php?rest_route=\/wp\/v2\/users\/2"}],"replies":[{"embeddable":true,"href":"https:\/\/bojornal.pt\/index.php?rest_route=%2Fwp%2Fv2%2Fcomments&post=11047"}],"version-history":[{"count":0,"href":"https:\/\/bojornal.pt\/index.php?rest_route=\/wp\/v2\/posts\/11047\/revisions"}],"wp:featuredmedia":[{"embeddable":true,"href":"https:\/\/bojornal.pt\/index.php?rest_route=\/wp\/v2\/media\/11048"}],"wp:attachment":[{"href":"https:\/\/bojornal.pt\/index.php?rest_route=%2Fwp%2Fv2%2Fmedia&parent=11047"}],"wp:term":[{"taxonomy":"category","embeddable":true,"href":"https:\/\/bojornal.pt\/index.php?rest_route=%2Fwp%2Fv2%2Fcategories&post=11047"},{"taxonomy":"post_tag","embeddable":true,"href":"https:\/\/bojornal.pt\/index.php?rest_route=%2Fwp%2Fv2%2Ftags&post=11047"}],"curies":[{"name":"wp","href":"https:\/\/api.w.org\/{rel}","templated":true}]}}