{"id":11041,"date":"2022-04-02T18:30:00","date_gmt":"2022-04-02T17:30:00","guid":{"rendered":"https:\/\/bojornal.pt\/?p=11041"},"modified":"2022-04-12T18:38:17","modified_gmt":"2022-04-12T17:38:17","slug":"alunos-participam-na-prova-de-corta-mato-nacional","status":"publish","type":"post","link":"https:\/\/bojornal.pt\/?p=11041","title":{"rendered":"Alunos participam na Prova de Corta-mato Nacional"},"content":{"rendered":"\n<figure class=\"wp-block-gallery has-nested-images columns-default is-cropped wp-block-gallery-1 is-layout-flex wp-block-gallery-is-layout-flex\">\n<figure class=\"wp-block-image size-large is-style-default\"><img loading=\"lazy\" decoding=\"async\" width=\"1024\" height=\"768\" data-id=\"11043\" src=\"https:\/\/bojornal.pt\/wp-content\/uploads\/2022\/04\/Corta-Mato-Nacional-1024x768.jpg\" alt=\"\" class=\"wp-image-11043\" srcset=\"https:\/\/bojornal.pt\/wp-content\/uploads\/2022\/04\/Corta-Mato-Nacional-1024x768.jpg 1024w, https:\/\/bojornal.pt\/wp-content\/uploads\/2022\/04\/Corta-Mato-Nacional-300x225.jpg 300w, https:\/\/bojornal.pt\/wp-content\/uploads\/2022\/04\/Corta-Mato-Nacional-150x113.jpg 150w, https:\/\/bojornal.pt\/wp-content\/uploads\/2022\/04\/Corta-Mato-Nacional-768x576.jpg 768w, https:\/\/bojornal.pt\/wp-content\/uploads\/2022\/04\/Corta-Mato-Nacional-1536x1152.jpg 1536w, https:\/\/bojornal.pt\/wp-content\/uploads\/2022\/04\/Corta-Mato-Nacional.jpg 2000w\" sizes=\"auto, (max-width: 1024px) 100vw, 1024px\" \/><\/figure>\n\n\n\n<figure class=\"wp-block-image size-large is-style-default\"><img loading=\"lazy\" decoding=\"async\" width=\"768\" height=\"1024\" data-id=\"11042\" src=\"https:\/\/bojornal.pt\/wp-content\/uploads\/2022\/04\/Cortamato-nacional-768x1024.jpg\" alt=\"\" class=\"wp-image-11042\" srcset=\"https:\/\/bojornal.pt\/wp-content\/uploads\/2022\/04\/Cortamato-nacional-768x1024.jpg 768w, https:\/\/bojornal.pt\/wp-content\/uploads\/2022\/04\/Cortamato-nacional-225x300.jpg 225w, https:\/\/bojornal.pt\/wp-content\/uploads\/2022\/04\/Cortamato-nacional-113x150.jpg 113w, https:\/\/bojornal.pt\/wp-content\/uploads\/2022\/04\/Cortamato-nacional-1152x1536.jpg 1152w, https:\/\/bojornal.pt\/wp-content\/uploads\/2022\/04\/Cortamato-nacional.jpg 1536w\" sizes=\"auto, (max-width: 768px) 100vw, 768px\" \/><\/figure>\n\n\n\n<figure class=\"wp-block-image size-large is-style-default\"><img loading=\"lazy\" decoding=\"async\" width=\"1024\" height=\"768\" data-id=\"11045\" src=\"https:\/\/bojornal.pt\/wp-content\/uploads\/2022\/04\/corta-matonacional2-1024x768.jpg\" alt=\"\" class=\"wp-image-11045\" srcset=\"https:\/\/bojornal.pt\/wp-content\/uploads\/2022\/04\/corta-matonacional2-1024x768.jpg 1024w, https:\/\/bojornal.pt\/wp-content\/uploads\/2022\/04\/corta-matonacional2-300x225.jpg 300w, https:\/\/bojornal.pt\/wp-content\/uploads\/2022\/04\/corta-matonacional2-150x113.jpg 150w, https:\/\/bojornal.pt\/wp-content\/uploads\/2022\/04\/corta-matonacional2-768x576.jpg 768w, https:\/\/bojornal.pt\/wp-content\/uploads\/2022\/04\/corta-matonacional2-1536x1152.jpg 1536w, https:\/\/bojornal.pt\/wp-content\/uploads\/2022\/04\/corta-matonacional2.jpg 2048w\" sizes=\"auto, (max-width: 1024px) 100vw, 1024px\" \/><\/figure>\n<\/figure>\n\n\n\n<p>Os alunos do Agrupamento de Escolas Em\u00eddio Garcia, depois da excelente presta\u00e7\u00e3o no prova regional, participaram na Prova Nacional de Corta-mato, do Desporto Escolar, realizada no passado dia 2 de abril, em Valen\u00e7a. Os nossos atletas estiveram em bom plano, representando a nossa escola e a regi\u00e3o com brio e empenho. Parab\u00e9ns!<\/p>\n","protected":false},"excerpt":{"rendered":"<p>Os alunos do Agrupamento de Escolas Em\u00eddio Garcia, depois da excelente presta\u00e7\u00e3o no prova regional, participaram na Prova Nacional de Corta-mato, do Desporto Escolar, realizada no passado dia 2 de abril, em Valen\u00e7a. Os&#46;&#46;&#46;<\/p>\n","protected":false},"author":2,"featured_media":11045,"comment_status":"closed","ping_status":"open","sticky":false,"template":"","format":"standard","meta":{"footnotes":""},"categories":[2,9,16],"tags":[],"class_list":["post-11041","post","type-post","status-publish","format-standard","has-post-thumbnail","hentry","category-atualidade","category-em-foco","category-escola-secundaria-emidio-garcia"],"_links":{"self":[{"href":"https:\/\/bojornal.pt\/index.php?rest_route=\/wp\/v2\/posts\/11041","targetHints":{"allow":["GET"]}}],"collection":[{"href":"https:\/\/bojornal.pt\/index.php?rest_route=\/wp\/v2\/posts"}],"about":[{"href":"https:\/\/bojornal.pt\/index.php?rest_route=\/wp\/v2\/types\/post"}],"author":[{"embeddable":true,"href":"https:\/\/bojornal.pt\/index.php?rest_route=\/wp\/v2\/users\/2"}],"replies":[{"embeddable":true,"href":"https:\/\/bojornal.pt\/index.php?rest_route=%2Fwp%2Fv2%2Fcomments&post=11041"}],"version-history":[{"count":0,"href":"https:\/\/bojornal.pt\/index.php?rest_route=\/wp\/v2\/posts\/11041\/revisions"}],"wp:featuredmedia":[{"embeddable":true,"href":"https:\/\/bojornal.pt\/index.php?rest_route=\/wp\/v2\/media\/11045"}],"wp:attachment":[{"href":"https:\/\/bojornal.pt\/index.php?rest_route=%2Fwp%2Fv2%2Fmedia&parent=11041"}],"wp:term":[{"taxonomy":"category","embeddable":true,"href":"https:\/\/bojornal.pt\/index.php?rest_route=%2Fwp%2Fv2%2Fcategories&post=11041"},{"taxonomy":"post_tag","embeddable":true,"href":"https:\/\/bojornal.pt\/index.php?rest_route=%2Fwp%2Fv2%2Ftags&post=11041"}],"curies":[{"name":"wp","href":"https:\/\/api.w.org\/{rel}","templated":true}]}}