{"id":11027,"date":"2022-03-23T20:56:13","date_gmt":"2022-03-23T20:56:13","guid":{"rendered":"https:\/\/bojornal.pt\/?p=11027"},"modified":"2022-03-24T23:20:10","modified_gmt":"2022-03-24T23:20:10","slug":"alunos-do-liceu-participam-na-sessao-distrital-do-parlamento-dos-jovens","status":"publish","type":"post","link":"https:\/\/bojornal.pt\/?p=11027","title":{"rendered":"Alunos do Liceu participam na Sess\u00e3o Distrital do Parlamento dos Jovens"},"content":{"rendered":"\n<figure class=\"wp-block-gallery has-nested-images columns-default is-cropped wp-block-gallery-1 is-layout-flex wp-block-gallery-is-layout-flex\">\n<figure class=\"wp-block-image size-large is-style-default\"><img loading=\"lazy\" decoding=\"async\" width=\"1024\" height=\"457\" data-id=\"11028\" src=\"https:\/\/bojornal.pt\/wp-content\/uploads\/2022\/03\/Parlamento-dos-Jovens_Basico-1-1024x457.jpg\" alt=\"\" class=\"wp-image-11028\" srcset=\"https:\/\/bojornal.pt\/wp-content\/uploads\/2022\/03\/Parlamento-dos-Jovens_Basico-1-1024x457.jpg 1024w, https:\/\/bojornal.pt\/wp-content\/uploads\/2022\/03\/Parlamento-dos-Jovens_Basico-1-300x134.jpg 300w, https:\/\/bojornal.pt\/wp-content\/uploads\/2022\/03\/Parlamento-dos-Jovens_Basico-1-150x67.jpg 150w, https:\/\/bojornal.pt\/wp-content\/uploads\/2022\/03\/Parlamento-dos-Jovens_Basico-1-768x343.jpg 768w, https:\/\/bojornal.pt\/wp-content\/uploads\/2022\/03\/Parlamento-dos-Jovens_Basico-1-1536x685.jpg 1536w, https:\/\/bojornal.pt\/wp-content\/uploads\/2022\/03\/Parlamento-dos-Jovens_Basico-1-2048x913.jpg 2048w\" sizes=\"auto, (max-width: 1024px) 100vw, 1024px\" \/><\/figure>\n\n\n\n<figure class=\"wp-block-image size-large is-style-default\"><img loading=\"lazy\" decoding=\"async\" width=\"1024\" height=\"683\" data-id=\"11030\" src=\"https:\/\/bojornal.pt\/wp-content\/uploads\/2022\/03\/Parlamento-dos-Jovens_Basico-2-1024x683.jpg\" alt=\"\" class=\"wp-image-11030\" srcset=\"https:\/\/bojornal.pt\/wp-content\/uploads\/2022\/03\/Parlamento-dos-Jovens_Basico-2-1024x683.jpg 1024w, https:\/\/bojornal.pt\/wp-content\/uploads\/2022\/03\/Parlamento-dos-Jovens_Basico-2-300x200.jpg 300w, https:\/\/bojornal.pt\/wp-content\/uploads\/2022\/03\/Parlamento-dos-Jovens_Basico-2-150x100.jpg 150w, https:\/\/bojornal.pt\/wp-content\/uploads\/2022\/03\/Parlamento-dos-Jovens_Basico-2-768x512.jpg 768w, https:\/\/bojornal.pt\/wp-content\/uploads\/2022\/03\/Parlamento-dos-Jovens_Basico-2-1536x1024.jpg 1536w, https:\/\/bojornal.pt\/wp-content\/uploads\/2022\/03\/Parlamento-dos-Jovens_Basico-2-2048x1365.jpg 2048w\" sizes=\"auto, (max-width: 1024px) 100vw, 1024px\" \/><\/figure>\n\n\n\n<figure class=\"wp-block-image size-large is-style-default\"><img loading=\"lazy\" decoding=\"async\" width=\"1024\" height=\"683\" data-id=\"11029\" src=\"https:\/\/bojornal.pt\/wp-content\/uploads\/2022\/03\/Parlamento-dos-Jovens_Basico-3-1024x683.jpg\" alt=\"\" class=\"wp-image-11029\" srcset=\"https:\/\/bojornal.pt\/wp-content\/uploads\/2022\/03\/Parlamento-dos-Jovens_Basico-3-1024x683.jpg 1024w, https:\/\/bojornal.pt\/wp-content\/uploads\/2022\/03\/Parlamento-dos-Jovens_Basico-3-300x200.jpg 300w, https:\/\/bojornal.pt\/wp-content\/uploads\/2022\/03\/Parlamento-dos-Jovens_Basico-3-150x100.jpg 150w, https:\/\/bojornal.pt\/wp-content\/uploads\/2022\/03\/Parlamento-dos-Jovens_Basico-3-768x512.jpg 768w, https:\/\/bojornal.pt\/wp-content\/uploads\/2022\/03\/Parlamento-dos-Jovens_Basico-3-1536x1024.jpg 1536w, https:\/\/bojornal.pt\/wp-content\/uploads\/2022\/03\/Parlamento-dos-Jovens_Basico-3-2048x1365.jpg 2048w\" sizes=\"auto, (max-width: 1024px) 100vw, 1024px\" \/><\/figure>\n\n\n\n<figure class=\"wp-block-image size-large is-style-default\"><img loading=\"lazy\" decoding=\"async\" width=\"1024\" height=\"683\" data-id=\"11031\" src=\"https:\/\/bojornal.pt\/wp-content\/uploads\/2022\/03\/Parlamento-dos-Jovens_Basico-4-1024x683.jpg\" alt=\"\" class=\"wp-image-11031\" srcset=\"https:\/\/bojornal.pt\/wp-content\/uploads\/2022\/03\/Parlamento-dos-Jovens_Basico-4-1024x683.jpg 1024w, https:\/\/bojornal.pt\/wp-content\/uploads\/2022\/03\/Parlamento-dos-Jovens_Basico-4-300x200.jpg 300w, https:\/\/bojornal.pt\/wp-content\/uploads\/2022\/03\/Parlamento-dos-Jovens_Basico-4-150x100.jpg 150w, https:\/\/bojornal.pt\/wp-content\/uploads\/2022\/03\/Parlamento-dos-Jovens_Basico-4-768x512.jpg 768w, https:\/\/bojornal.pt\/wp-content\/uploads\/2022\/03\/Parlamento-dos-Jovens_Basico-4-1536x1024.jpg 1536w, https:\/\/bojornal.pt\/wp-content\/uploads\/2022\/03\/Parlamento-dos-Jovens_Basico-4-2048x1365.jpg 2048w\" sizes=\"auto, (max-width: 1024px) 100vw, 1024px\" \/><\/figure>\n\n\n\n<figure class=\"wp-block-image size-large is-style-default\"><img loading=\"lazy\" decoding=\"async\" width=\"1024\" height=\"682\" data-id=\"11035\" src=\"https:\/\/bojornal.pt\/wp-content\/uploads\/2022\/03\/06c0ca13-70c5-438a-b566-d4e0378254aa-1024x682.jpg\" alt=\"\" class=\"wp-image-11035\" srcset=\"https:\/\/bojornal.pt\/wp-content\/uploads\/2022\/03\/06c0ca13-70c5-438a-b566-d4e0378254aa-1024x682.jpg 1024w, https:\/\/bojornal.pt\/wp-content\/uploads\/2022\/03\/06c0ca13-70c5-438a-b566-d4e0378254aa-300x200.jpg 300w, https:\/\/bojornal.pt\/wp-content\/uploads\/2022\/03\/06c0ca13-70c5-438a-b566-d4e0378254aa-150x100.jpg 150w, https:\/\/bojornal.pt\/wp-content\/uploads\/2022\/03\/06c0ca13-70c5-438a-b566-d4e0378254aa-768x512.jpg 768w, https:\/\/bojornal.pt\/wp-content\/uploads\/2022\/03\/06c0ca13-70c5-438a-b566-d4e0378254aa-1536x1023.jpg 1536w, https:\/\/bojornal.pt\/wp-content\/uploads\/2022\/03\/06c0ca13-70c5-438a-b566-d4e0378254aa.jpg 2048w\" sizes=\"auto, (max-width: 1024px) 100vw, 1024px\" \/><\/figure>\n\n\n\n<figure class=\"wp-block-image size-large is-style-default\"><img loading=\"lazy\" decoding=\"async\" width=\"1024\" height=\"682\" data-id=\"11037\" src=\"https:\/\/bojornal.pt\/wp-content\/uploads\/2022\/03\/7c5f244d-c501-4154-801a-692777af8deb-1024x682.jpg\" alt=\"\" class=\"wp-image-11037\" srcset=\"https:\/\/bojornal.pt\/wp-content\/uploads\/2022\/03\/7c5f244d-c501-4154-801a-692777af8deb-1024x682.jpg 1024w, https:\/\/bojornal.pt\/wp-content\/uploads\/2022\/03\/7c5f244d-c501-4154-801a-692777af8deb-300x200.jpg 300w, https:\/\/bojornal.pt\/wp-content\/uploads\/2022\/03\/7c5f244d-c501-4154-801a-692777af8deb-150x100.jpg 150w, https:\/\/bojornal.pt\/wp-content\/uploads\/2022\/03\/7c5f244d-c501-4154-801a-692777af8deb-768x512.jpg 768w, https:\/\/bojornal.pt\/wp-content\/uploads\/2022\/03\/7c5f244d-c501-4154-801a-692777af8deb-1536x1023.jpg 1536w, https:\/\/bojornal.pt\/wp-content\/uploads\/2022\/03\/7c5f244d-c501-4154-801a-692777af8deb.jpg 2048w\" sizes=\"auto, (max-width: 1024px) 100vw, 1024px\" \/><\/figure>\n\n\n\n<figure class=\"wp-block-image size-large is-style-default\"><img loading=\"lazy\" decoding=\"async\" width=\"1024\" height=\"682\" data-id=\"11036\" src=\"https:\/\/bojornal.pt\/wp-content\/uploads\/2022\/03\/9d277c94-2051-4a02-83cc-edb7cab88b26-1024x682.jpg\" alt=\"\" class=\"wp-image-11036\" srcset=\"https:\/\/bojornal.pt\/wp-content\/uploads\/2022\/03\/9d277c94-2051-4a02-83cc-edb7cab88b26-1024x682.jpg 1024w, https:\/\/bojornal.pt\/wp-content\/uploads\/2022\/03\/9d277c94-2051-4a02-83cc-edb7cab88b26-300x200.jpg 300w, https:\/\/bojornal.pt\/wp-content\/uploads\/2022\/03\/9d277c94-2051-4a02-83cc-edb7cab88b26-150x100.jpg 150w, https:\/\/bojornal.pt\/wp-content\/uploads\/2022\/03\/9d277c94-2051-4a02-83cc-edb7cab88b26-768x512.jpg 768w, https:\/\/bojornal.pt\/wp-content\/uploads\/2022\/03\/9d277c94-2051-4a02-83cc-edb7cab88b26-1536x1023.jpg 1536w, https:\/\/bojornal.pt\/wp-content\/uploads\/2022\/03\/9d277c94-2051-4a02-83cc-edb7cab88b26.jpg 2048w\" sizes=\"auto, (max-width: 1024px) 100vw, 1024px\" \/><\/figure>\n\n\n\n<figure class=\"wp-block-image size-large is-style-default\"><img loading=\"lazy\" decoding=\"async\" width=\"1024\" height=\"682\" data-id=\"11034\" src=\"https:\/\/bojornal.pt\/wp-content\/uploads\/2022\/03\/51059f8c-f16d-4099-bbce-54c2a12b41d2-1024x682.jpg\" alt=\"\" class=\"wp-image-11034\" srcset=\"https:\/\/bojornal.pt\/wp-content\/uploads\/2022\/03\/51059f8c-f16d-4099-bbce-54c2a12b41d2-1024x682.jpg 1024w, https:\/\/bojornal.pt\/wp-content\/uploads\/2022\/03\/51059f8c-f16d-4099-bbce-54c2a12b41d2-300x200.jpg 300w, https:\/\/bojornal.pt\/wp-content\/uploads\/2022\/03\/51059f8c-f16d-4099-bbce-54c2a12b41d2-150x100.jpg 150w, https:\/\/bojornal.pt\/wp-content\/uploads\/2022\/03\/51059f8c-f16d-4099-bbce-54c2a12b41d2-768x512.jpg 768w, https:\/\/bojornal.pt\/wp-content\/uploads\/2022\/03\/51059f8c-f16d-4099-bbce-54c2a12b41d2-1536x1023.jpg 1536w, https:\/\/bojornal.pt\/wp-content\/uploads\/2022\/03\/51059f8c-f16d-4099-bbce-54c2a12b41d2.jpg 2048w\" sizes=\"auto, (max-width: 1024px) 100vw, 1024px\" \/><\/figure>\n<\/figure>\n\n\n\n<p>As Escolas Secund\u00e1ria Em\u00eddio Garcia, de Bragan\u00e7a, a Escola B\u00e1sica e Secund\u00e1ria de Carrazeda de Ansi\u00e3es, a Escola Secund\u00e1ria Miguel Torga, de Bragan\u00e7a e a Escola B\u00e1sica e Secund\u00e1ria de Mogadouro foram as vencedoras do programa \u201cParlamento dos Jovens \u2013 B\u00e1sico\u201d a n\u00edvel distrital, na sequ\u00eancia da sess\u00e3o distrital desta iniciativa, que se realizou no dia 22 de Mar\u00e7o, no audit\u00f3rio Paulo Quintela em Bragan\u00e7a.<\/p>\n\n\n\n<p>Este ano, a sess\u00e3o do Parlamento dos Jovens contou com a presen\u00e7a de 28 deputados de 4 escolas, eleitas nas Sess\u00f5es Escolares.<\/p>\n\n\n\n<p>A cerim\u00f3nia de abertura teve in\u00edcio por volta das 10:00h, tendo estado presente a Deputada da Assembleia da Rep\u00fablica, Isabel Lopes, o Delegado Regional de Educa\u00e7\u00e3o da DGEstE, S\u00e9rgio Afonso, a Vereadora da Educa\u00e7\u00e3o da Camara Municipal de Bragan\u00e7a, Fernanda Silva e em representa\u00e7\u00e3o do Instituto Portugu\u00eas do Desporto e Juventude, Cl\u00e1udia Teixeira. Seguiu-se um momento musical com a professora Ausra Bernataviciute e dois alunos do quarto grau do Conservat\u00f3rio de Bragan\u00e7a, que tocaram flauta transversal, ap\u00f3s o que se procedeu a uma breve cerim\u00f3nia de abertura da Sess\u00e3o Distrital, conduzida pelo Presidente da Mesa da Sess\u00e3o, Gon\u00e7alo Ramos. De seguida deu-se in\u00edcio ao Per\u00edodo de Perguntas \u00e0 Deputada da Assembleia da Rep\u00fablica.<\/p>\n\n\n\n<p>&nbsp;O Debate dos Projetos de Recomenda\u00e7\u00e3o aconteceu logo a seguir, assim, como a vota\u00e7\u00e3o dos mesmos.<\/p>\n\n\n\n<p>J\u00e1 para terminar, procedeu-se \u00e0 Elei\u00e7\u00e3o da escola \u00e0 Sess\u00e3o Nacional do Parlamento dos Jovens. Como a escola vencedora tem de ser representada por um Porta-Voz, este foi eleito por todas as escolas presentes na Sess\u00e3o Distrital. Posto isto, foi divulgado o tema mais votado no c\u00edrculo Eleitoral para o ano seguinte; \u201cImpacto da pandemia na Sa\u00fade Mental nos jovens\u201d. Deu-se por terminada a sess\u00e3o, ap\u00f3s anunciada a escola vencedora da Sess\u00e3o Distrital, cujo t\u00edtulo coube \u00e0 Escola B\u00e1sica e Secund\u00e1ria de Mogadouro.<\/p>\n\n\n\n<p>A opini\u00e3o geral dos alunos presentes acerca desta atividade \u00e9 de que o parlamento dos jovens \u00e9 uma atividade bastante enriquecedora para os mesmos, uma vez que os leva a perceber um pouco do que realmente \u00e9 a pol\u00edtica, com temas atuais, que devem ser abordados perante a nossa sociedade. Todos os elementos presentes nesta atividade foram essenciais, uma vez que, sem eles, esta n\u00e3o teria sido poss\u00edvel. Pela sua relev\u00e2ncia, os alunos pensam que \u00e9 uma atividade que dever\u00e1 ser mais desenvolvida ao longo dos anos, pois ainda existem muitos temas que dever\u00e3o ser abordados na nossa sociedade\u201d.<\/p>\n\n\n\n<p>Esta iniciativa contou com o apoio da C\u00e2mara Municipal de Bragan\u00e7a.<\/p>\n\n\n\n<p class=\"has-text-align-right\"><em> Carolina Barreira<\/em> <\/p>\n","protected":false},"excerpt":{"rendered":"<p>As Escolas Secund\u00e1ria Em\u00eddio Garcia, de Bragan\u00e7a, a Escola B\u00e1sica e Secund\u00e1ria de Carrazeda de Ansi\u00e3es, a Escola Secund\u00e1ria Miguel Torga, de Bragan\u00e7a e a Escola B\u00e1sica e Secund\u00e1ria de Mogadouro foram as vencedoras&#46;&#46;&#46;<\/p>\n","protected":false},"author":2,"featured_media":11028,"comment_status":"closed","ping_status":"open","sticky":false,"template":"","format":"standard","meta":{"footnotes":""},"categories":[2,9,16],"tags":[],"class_list":["post-11027","post","type-post","status-publish","format-standard","has-post-thumbnail","hentry","category-atualidade","category-em-foco","category-escola-secundaria-emidio-garcia"],"_links":{"self":[{"href":"https:\/\/bojornal.pt\/index.php?rest_route=\/wp\/v2\/posts\/11027","targetHints":{"allow":["GET"]}}],"collection":[{"href":"https:\/\/bojornal.pt\/index.php?rest_route=\/wp\/v2\/posts"}],"about":[{"href":"https:\/\/bojornal.pt\/index.php?rest_route=\/wp\/v2\/types\/post"}],"author":[{"embeddable":true,"href":"https:\/\/bojornal.pt\/index.php?rest_route=\/wp\/v2\/users\/2"}],"replies":[{"embeddable":true,"href":"https:\/\/bojornal.pt\/index.php?rest_route=%2Fwp%2Fv2%2Fcomments&post=11027"}],"version-history":[{"count":0,"href":"https:\/\/bojornal.pt\/index.php?rest_route=\/wp\/v2\/posts\/11027\/revisions"}],"wp:featuredmedia":[{"embeddable":true,"href":"https:\/\/bojornal.pt\/index.php?rest_route=\/wp\/v2\/media\/11028"}],"wp:attachment":[{"href":"https:\/\/bojornal.pt\/index.php?rest_route=%2Fwp%2Fv2%2Fmedia&parent=11027"}],"wp:term":[{"taxonomy":"category","embeddable":true,"href":"https:\/\/bojornal.pt\/index.php?rest_route=%2Fwp%2Fv2%2Fcategories&post=11027"},{"taxonomy":"post_tag","embeddable":true,"href":"https:\/\/bojornal.pt\/index.php?rest_route=%2Fwp%2Fv2%2Ftags&post=11027"}],"curies":[{"name":"wp","href":"https:\/\/api.w.org\/{rel}","templated":true}]}}