{"id":11021,"date":"2022-03-22T23:43:55","date_gmt":"2022-03-22T23:43:55","guid":{"rendered":"https:\/\/bojornal.pt\/?p=11021"},"modified":"2022-03-22T23:43:58","modified_gmt":"2022-03-22T23:43:58","slug":"alunos-da-escola-das-beatas-assinalam-dia-da-poesia","status":"publish","type":"post","link":"https:\/\/bojornal.pt\/?p=11021","title":{"rendered":"Alunos da Escola das Beatas assinalam Dia da Poesia"},"content":{"rendered":"\n<figure class=\"wp-block-gallery has-nested-images columns-default is-cropped wp-block-gallery-1 is-layout-flex wp-block-gallery-is-layout-flex\">\n<figure class=\"wp-block-image size-large is-style-default\"><img loading=\"lazy\" decoding=\"async\" width=\"1024\" height=\"768\" data-id=\"11022\" src=\"https:\/\/bojornal.pt\/wp-content\/uploads\/2022\/03\/dia-da-poesia_beatas-1024x768.jpg\" alt=\"\" class=\"wp-image-11022\" srcset=\"https:\/\/bojornal.pt\/wp-content\/uploads\/2022\/03\/dia-da-poesia_beatas-1024x768.jpg 1024w, https:\/\/bojornal.pt\/wp-content\/uploads\/2022\/03\/dia-da-poesia_beatas-300x225.jpg 300w, https:\/\/bojornal.pt\/wp-content\/uploads\/2022\/03\/dia-da-poesia_beatas-150x113.jpg 150w, https:\/\/bojornal.pt\/wp-content\/uploads\/2022\/03\/dia-da-poesia_beatas-768x576.jpg 768w, https:\/\/bojornal.pt\/wp-content\/uploads\/2022\/03\/dia-da-poesia_beatas-1536x1152.jpg 1536w, https:\/\/bojornal.pt\/wp-content\/uploads\/2022\/03\/dia-da-poesia_beatas.jpg 2048w\" sizes=\"auto, (max-width: 1024px) 100vw, 1024px\" \/><\/figure>\n\n\n\n<figure class=\"wp-block-image size-large is-style-default\"><img loading=\"lazy\" decoding=\"async\" width=\"768\" height=\"1024\" data-id=\"11024\" src=\"https:\/\/bojornal.pt\/wp-content\/uploads\/2022\/03\/dia-da-poesia_beatas1-768x1024.jpg\" alt=\"\" class=\"wp-image-11024\" srcset=\"https:\/\/bojornal.pt\/wp-content\/uploads\/2022\/03\/dia-da-poesia_beatas1-768x1024.jpg 768w, https:\/\/bojornal.pt\/wp-content\/uploads\/2022\/03\/dia-da-poesia_beatas1-225x300.jpg 225w, https:\/\/bojornal.pt\/wp-content\/uploads\/2022\/03\/dia-da-poesia_beatas1-113x150.jpg 113w, https:\/\/bojornal.pt\/wp-content\/uploads\/2022\/03\/dia-da-poesia_beatas1-1152x1536.jpg 1152w, https:\/\/bojornal.pt\/wp-content\/uploads\/2022\/03\/dia-da-poesia_beatas1.jpg 1536w\" sizes=\"auto, (max-width: 768px) 100vw, 768px\" \/><\/figure>\n\n\n\n<figure class=\"wp-block-image size-large is-style-default\"><img loading=\"lazy\" decoding=\"async\" width=\"568\" height=\"1024\" data-id=\"11025\" src=\"https:\/\/bojornal.pt\/wp-content\/uploads\/2022\/03\/dia-da-poesia_beatas2-568x1024.jpg\" alt=\"\" class=\"wp-image-11025\" srcset=\"https:\/\/bojornal.pt\/wp-content\/uploads\/2022\/03\/dia-da-poesia_beatas2-568x1024.jpg 568w, https:\/\/bojornal.pt\/wp-content\/uploads\/2022\/03\/dia-da-poesia_beatas2-166x300.jpg 166w, https:\/\/bojornal.pt\/wp-content\/uploads\/2022\/03\/dia-da-poesia_beatas2-83x150.jpg 83w, https:\/\/bojornal.pt\/wp-content\/uploads\/2022\/03\/dia-da-poesia_beatas2-768x1386.jpg 768w, https:\/\/bojornal.pt\/wp-content\/uploads\/2022\/03\/dia-da-poesia_beatas2-851x1536.jpg 851w, https:\/\/bojornal.pt\/wp-content\/uploads\/2022\/03\/dia-da-poesia_beatas2.jpg 1135w\" sizes=\"auto, (max-width: 568px) 100vw, 568px\" \/><\/figure>\n\n\n\n<figure class=\"wp-block-image size-large is-style-default\"><img loading=\"lazy\" decoding=\"async\" width=\"768\" height=\"1024\" data-id=\"11023\" src=\"https:\/\/bojornal.pt\/wp-content\/uploads\/2022\/03\/dia-da-poesia_beatas3-768x1024.jpg\" alt=\"\" class=\"wp-image-11023\" srcset=\"https:\/\/bojornal.pt\/wp-content\/uploads\/2022\/03\/dia-da-poesia_beatas3-768x1024.jpg 768w, https:\/\/bojornal.pt\/wp-content\/uploads\/2022\/03\/dia-da-poesia_beatas3-225x300.jpg 225w, https:\/\/bojornal.pt\/wp-content\/uploads\/2022\/03\/dia-da-poesia_beatas3-113x150.jpg 113w, https:\/\/bojornal.pt\/wp-content\/uploads\/2022\/03\/dia-da-poesia_beatas3-1152x1536.jpg 1152w, https:\/\/bojornal.pt\/wp-content\/uploads\/2022\/03\/dia-da-poesia_beatas3.jpg 1536w\" sizes=\"auto, (max-width: 768px) 100vw, 768px\" \/><\/figure>\n<\/figure>\n\n\n\n<p>Depois da exposi\u00e7\u00e3o comemorativa &#8220;Vida e obra de Lu\u00edsa Ducla Soares: 50 anos de vida liter\u00e1ria&#8221;,  na Biblioteca Municipal, a semana da leitura terminou no Dia Mundial da Poesia com o fant\u00e1stico espet\u00e1culo infantil &#8220;A 4 m\u00e3os&#8221;, no Teatro Municipal de Bragan\u00e7a. As turmas da Escola das Beatas que participaram nesta atividade ofereceram um lindo vaso com papoilas e um poema \u00e0 escritora.<\/p>\n","protected":false},"excerpt":{"rendered":"<p>Depois da exposi\u00e7\u00e3o comemorativa &#8220;Vida e obra de Lu\u00edsa Ducla Soares: 50 anos de vida liter\u00e1ria&#8221;, na Biblioteca Municipal, a semana da leitura terminou no Dia Mundial da Poesia com o fant\u00e1stico espet\u00e1culo infantil&#46;&#46;&#46;<\/p>\n","protected":false},"author":2,"featured_media":11022,"comment_status":"closed","ping_status":"open","sticky":false,"template":"","format":"standard","meta":{"footnotes":""},"categories":[14,2,9],"tags":[],"class_list":["post-11021","post","type-post","status-publish","format-standard","has-post-thumbnail","hentry","category-1o-ciclo","category-atualidade","category-em-foco"],"_links":{"self":[{"href":"https:\/\/bojornal.pt\/index.php?rest_route=\/wp\/v2\/posts\/11021","targetHints":{"allow":["GET"]}}],"collection":[{"href":"https:\/\/bojornal.pt\/index.php?rest_route=\/wp\/v2\/posts"}],"about":[{"href":"https:\/\/bojornal.pt\/index.php?rest_route=\/wp\/v2\/types\/post"}],"author":[{"embeddable":true,"href":"https:\/\/bojornal.pt\/index.php?rest_route=\/wp\/v2\/users\/2"}],"replies":[{"embeddable":true,"href":"https:\/\/bojornal.pt\/index.php?rest_route=%2Fwp%2Fv2%2Fcomments&post=11021"}],"version-history":[{"count":0,"href":"https:\/\/bojornal.pt\/index.php?rest_route=\/wp\/v2\/posts\/11021\/revisions"}],"wp:featuredmedia":[{"embeddable":true,"href":"https:\/\/bojornal.pt\/index.php?rest_route=\/wp\/v2\/media\/11022"}],"wp:attachment":[{"href":"https:\/\/bojornal.pt\/index.php?rest_route=%2Fwp%2Fv2%2Fmedia&parent=11021"}],"wp:term":[{"taxonomy":"category","embeddable":true,"href":"https:\/\/bojornal.pt\/index.php?rest_route=%2Fwp%2Fv2%2Fcategories&post=11021"},{"taxonomy":"post_tag","embeddable":true,"href":"https:\/\/bojornal.pt\/index.php?rest_route=%2Fwp%2Fv2%2Ftags&post=11021"}],"curies":[{"name":"wp","href":"https:\/\/api.w.org\/{rel}","templated":true}]}}