{"id":11005,"date":"2022-03-19T10:19:54","date_gmt":"2022-03-19T10:19:54","guid":{"rendered":"https:\/\/bojornal.pt\/?p=11005"},"modified":"2022-03-19T10:20:47","modified_gmt":"2022-03-19T10:20:47","slug":"escola-emidio-garcia-em-destaque-no-corta-mato-distrital","status":"publish","type":"post","link":"https:\/\/bojornal.pt\/?p=11005","title":{"rendered":"Escola Em\u00eddio Garcia em destaque no Corta-Mato Distrital"},"content":{"rendered":"\n<figure class=\"wp-block-gallery has-nested-images columns-default is-cropped wp-block-gallery-1 is-layout-flex wp-block-gallery-is-layout-flex\">\n<figure class=\"wp-block-image size-large is-style-default\"><img loading=\"lazy\" decoding=\"async\" width=\"768\" height=\"1024\" data-id=\"11006\" src=\"https:\/\/bojornal.pt\/wp-content\/uploads\/2022\/03\/corta_mato-1-768x1024.jpg\" alt=\"\" class=\"wp-image-11006\" srcset=\"https:\/\/bojornal.pt\/wp-content\/uploads\/2022\/03\/corta_mato-1-768x1024.jpg 768w, https:\/\/bojornal.pt\/wp-content\/uploads\/2022\/03\/corta_mato-1-225x300.jpg 225w, https:\/\/bojornal.pt\/wp-content\/uploads\/2022\/03\/corta_mato-1-113x150.jpg 113w, https:\/\/bojornal.pt\/wp-content\/uploads\/2022\/03\/corta_mato-1-1152x1536.jpg 1152w, https:\/\/bojornal.pt\/wp-content\/uploads\/2022\/03\/corta_mato-1.jpg 1488w\" sizes=\"auto, (max-width: 768px) 100vw, 768px\" \/><\/figure>\n\n\n\n<figure class=\"wp-block-image size-large is-style-default\"><img loading=\"lazy\" decoding=\"async\" width=\"768\" height=\"1024\" data-id=\"11010\" src=\"https:\/\/bojornal.pt\/wp-content\/uploads\/2022\/03\/corta_mato-2-768x1024.jpg\" alt=\"\" class=\"wp-image-11010\" srcset=\"https:\/\/bojornal.pt\/wp-content\/uploads\/2022\/03\/corta_mato-2-768x1024.jpg 768w, https:\/\/bojornal.pt\/wp-content\/uploads\/2022\/03\/corta_mato-2-225x300.jpg 225w, https:\/\/bojornal.pt\/wp-content\/uploads\/2022\/03\/corta_mato-2-113x150.jpg 113w, https:\/\/bojornal.pt\/wp-content\/uploads\/2022\/03\/corta_mato-2-1152x1536.jpg 1152w, https:\/\/bojornal.pt\/wp-content\/uploads\/2022\/03\/corta_mato-2-1536x2048.jpg 1536w, https:\/\/bojornal.pt\/wp-content\/uploads\/2022\/03\/corta_mato-2-scaled.jpg 1920w\" sizes=\"auto, (max-width: 768px) 100vw, 768px\" \/><\/figure>\n\n\n\n<figure class=\"wp-block-image size-large is-style-default\"><img loading=\"lazy\" decoding=\"async\" width=\"1024\" height=\"768\" data-id=\"11012\" src=\"https:\/\/bojornal.pt\/wp-content\/uploads\/2022\/03\/corta_mato-3-1024x768.jpg\" alt=\"\" class=\"wp-image-11012\" srcset=\"https:\/\/bojornal.pt\/wp-content\/uploads\/2022\/03\/corta_mato-3-1024x768.jpg 1024w, https:\/\/bojornal.pt\/wp-content\/uploads\/2022\/03\/corta_mato-3-300x225.jpg 300w, https:\/\/bojornal.pt\/wp-content\/uploads\/2022\/03\/corta_mato-3-150x113.jpg 150w, https:\/\/bojornal.pt\/wp-content\/uploads\/2022\/03\/corta_mato-3-768x576.jpg 768w, https:\/\/bojornal.pt\/wp-content\/uploads\/2022\/03\/corta_mato-3-1536x1152.jpg 1536w, https:\/\/bojornal.pt\/wp-content\/uploads\/2022\/03\/corta_mato-3-2048x1536.jpg 2048w\" sizes=\"auto, (max-width: 1024px) 100vw, 1024px\" \/><\/figure>\n\n\n\n<figure class=\"wp-block-image size-large is-style-default\"><img loading=\"lazy\" decoding=\"async\" width=\"1024\" height=\"768\" data-id=\"11011\" src=\"https:\/\/bojornal.pt\/wp-content\/uploads\/2022\/03\/corta_mato-4-1024x768.jpg\" alt=\"\" class=\"wp-image-11011\" srcset=\"https:\/\/bojornal.pt\/wp-content\/uploads\/2022\/03\/corta_mato-4-1024x768.jpg 1024w, https:\/\/bojornal.pt\/wp-content\/uploads\/2022\/03\/corta_mato-4-300x225.jpg 300w, https:\/\/bojornal.pt\/wp-content\/uploads\/2022\/03\/corta_mato-4-150x113.jpg 150w, https:\/\/bojornal.pt\/wp-content\/uploads\/2022\/03\/corta_mato-4-768x576.jpg 768w, https:\/\/bojornal.pt\/wp-content\/uploads\/2022\/03\/corta_mato-4-1536x1152.jpg 1536w, https:\/\/bojornal.pt\/wp-content\/uploads\/2022\/03\/corta_mato-4-2048x1536.jpg 2048w\" sizes=\"auto, (max-width: 1024px) 100vw, 1024px\" \/><\/figure>\n\n\n\n<figure class=\"wp-block-image size-large is-style-default\"><img loading=\"lazy\" decoding=\"async\" width=\"768\" height=\"1024\" data-id=\"11007\" src=\"https:\/\/bojornal.pt\/wp-content\/uploads\/2022\/03\/corta_mato-5-768x1024.jpg\" alt=\"\" class=\"wp-image-11007\" srcset=\"https:\/\/bojornal.pt\/wp-content\/uploads\/2022\/03\/corta_mato-5-768x1024.jpg 768w, https:\/\/bojornal.pt\/wp-content\/uploads\/2022\/03\/corta_mato-5-225x300.jpg 225w, https:\/\/bojornal.pt\/wp-content\/uploads\/2022\/03\/corta_mato-5-113x150.jpg 113w, https:\/\/bojornal.pt\/wp-content\/uploads\/2022\/03\/corta_mato-5-1152x1536.jpg 1152w, https:\/\/bojornal.pt\/wp-content\/uploads\/2022\/03\/corta_mato-5.jpg 1488w\" sizes=\"auto, (max-width: 768px) 100vw, 768px\" \/><\/figure>\n\n\n\n<figure class=\"wp-block-image size-large is-style-default\"><img loading=\"lazy\" decoding=\"async\" width=\"1024\" height=\"768\" data-id=\"11008\" src=\"https:\/\/bojornal.pt\/wp-content\/uploads\/2022\/03\/corta_mato-6-1024x768.jpg\" alt=\"\" class=\"wp-image-11008\" srcset=\"https:\/\/bojornal.pt\/wp-content\/uploads\/2022\/03\/corta_mato-6-1024x768.jpg 1024w, https:\/\/bojornal.pt\/wp-content\/uploads\/2022\/03\/corta_mato-6-300x225.jpg 300w, https:\/\/bojornal.pt\/wp-content\/uploads\/2022\/03\/corta_mato-6-150x113.jpg 150w, https:\/\/bojornal.pt\/wp-content\/uploads\/2022\/03\/corta_mato-6-768x576.jpg 768w, https:\/\/bojornal.pt\/wp-content\/uploads\/2022\/03\/corta_mato-6-1536x1152.jpg 1536w, https:\/\/bojornal.pt\/wp-content\/uploads\/2022\/03\/corta_mato-6.jpg 1984w\" sizes=\"auto, (max-width: 1024px) 100vw, 1024px\" \/><\/figure>\n\n\n\n<figure class=\"wp-block-image size-large is-style-default\"><img loading=\"lazy\" decoding=\"async\" width=\"768\" height=\"1024\" data-id=\"11009\" src=\"https:\/\/bojornal.pt\/wp-content\/uploads\/2022\/03\/corta_mato-7-768x1024.jpg\" alt=\"\" class=\"wp-image-11009\" srcset=\"https:\/\/bojornal.pt\/wp-content\/uploads\/2022\/03\/corta_mato-7-768x1024.jpg 768w, https:\/\/bojornal.pt\/wp-content\/uploads\/2022\/03\/corta_mato-7-225x300.jpg 225w, https:\/\/bojornal.pt\/wp-content\/uploads\/2022\/03\/corta_mato-7-113x150.jpg 113w, https:\/\/bojornal.pt\/wp-content\/uploads\/2022\/03\/corta_mato-7-1152x1536.jpg 1152w, https:\/\/bojornal.pt\/wp-content\/uploads\/2022\/03\/corta_mato-7.jpg 1488w\" sizes=\"auto, (max-width: 768px) 100vw, 768px\" \/><\/figure>\n<\/figure>\n\n\n\n<p>A Escola Em\u00eddio Garcia de Bragan\u00e7a obteve uma excelente participa\u00e7\u00e3o na prova de Corta-Mato Distrital, realizada no passado dia 18 de mar\u00e7o, em Mirandela. De entre as \u00f3timas atua\u00e7\u00f5es dos alunos e alunas do Liceu, destacaram-se a conquista do 3\u00balugar em Iniciados Femininos Individual, pela aluna Mariana Dias, do 8\u00baE e o 2\u00ba lugar Individual Juvenil Masculino, obtido pelo aluno Pedro&nbsp; Martins, do 12\u00ba B.  As alunas Helena Rosa, Telma Gon\u00e7alves (12\u00ba A), Joana Jecas, Ana Gon\u00e7alves (10\u00baG), Ana Trigo (10PTAS) e Ana Loureiro (10\u00baD) conquistaram  o 1\u00ba lugar Equipas Juvenil Feminino.<br \/>Parab\u00e9ns a todos os participantes pela excelente participa\u00e7\u00e3o.<\/p>\n","protected":false},"excerpt":{"rendered":"<p>A Escola Em\u00eddio Garcia de Bragan\u00e7a obteve uma excelente participa\u00e7\u00e3o na prova de Corta-Mato Distrital, realizada no passado dia 18 de mar\u00e7o, em Mirandela. De entre as \u00f3timas atua\u00e7\u00f5es dos alunos e alunas do&#46;&#46;&#46;<\/p>\n","protected":false},"author":2,"featured_media":11009,"comment_status":"closed","ping_status":"open","sticky":false,"template":"","format":"standard","meta":{"footnotes":""},"categories":[2,9,16],"tags":[],"class_list":["post-11005","post","type-post","status-publish","format-standard","has-post-thumbnail","hentry","category-atualidade","category-em-foco","category-escola-secundaria-emidio-garcia"],"_links":{"self":[{"href":"https:\/\/bojornal.pt\/index.php?rest_route=\/wp\/v2\/posts\/11005","targetHints":{"allow":["GET"]}}],"collection":[{"href":"https:\/\/bojornal.pt\/index.php?rest_route=\/wp\/v2\/posts"}],"about":[{"href":"https:\/\/bojornal.pt\/index.php?rest_route=\/wp\/v2\/types\/post"}],"author":[{"embeddable":true,"href":"https:\/\/bojornal.pt\/index.php?rest_route=\/wp\/v2\/users\/2"}],"replies":[{"embeddable":true,"href":"https:\/\/bojornal.pt\/index.php?rest_route=%2Fwp%2Fv2%2Fcomments&post=11005"}],"version-history":[{"count":0,"href":"https:\/\/bojornal.pt\/index.php?rest_route=\/wp\/v2\/posts\/11005\/revisions"}],"wp:featuredmedia":[{"embeddable":true,"href":"https:\/\/bojornal.pt\/index.php?rest_route=\/wp\/v2\/media\/11009"}],"wp:attachment":[{"href":"https:\/\/bojornal.pt\/index.php?rest_route=%2Fwp%2Fv2%2Fmedia&parent=11005"}],"wp:term":[{"taxonomy":"category","embeddable":true,"href":"https:\/\/bojornal.pt\/index.php?rest_route=%2Fwp%2Fv2%2Fcategories&post=11005"},{"taxonomy":"post_tag","embeddable":true,"href":"https:\/\/bojornal.pt\/index.php?rest_route=%2Fwp%2Fv2%2Ftags&post=11005"}],"curies":[{"name":"wp","href":"https:\/\/api.w.org\/{rel}","templated":true}]}}