{"id":10995,"date":"2022-03-17T09:53:06","date_gmt":"2022-03-17T09:53:06","guid":{"rendered":"https:\/\/bojornal.pt\/?p=10995"},"modified":"2022-03-17T09:56:40","modified_gmt":"2022-03-17T09:56:40","slug":"desporto-escolar-futsal-2","status":"publish","type":"post","link":"https:\/\/bojornal.pt\/?p=10995","title":{"rendered":"Desporto Escolar: Futsal"},"content":{"rendered":"\n<figure class=\"wp-block-gallery has-nested-images columns-default is-cropped wp-block-gallery-1 is-layout-flex wp-block-gallery-is-layout-flex\">\n<figure class=\"wp-block-image size-large is-style-default\"><img loading=\"lazy\" decoding=\"async\" width=\"1024\" height=\"768\" data-id=\"10996\" src=\"https:\/\/bojornal.pt\/wp-content\/uploads\/2022\/03\/Futsal-1-1024x768.jpg\" alt=\"\" class=\"wp-image-10996\" srcset=\"https:\/\/bojornal.pt\/wp-content\/uploads\/2022\/03\/Futsal-1-1024x768.jpg 1024w, https:\/\/bojornal.pt\/wp-content\/uploads\/2022\/03\/Futsal-1-300x225.jpg 300w, https:\/\/bojornal.pt\/wp-content\/uploads\/2022\/03\/Futsal-1-150x113.jpg 150w, https:\/\/bojornal.pt\/wp-content\/uploads\/2022\/03\/Futsal-1-768x576.jpg 768w, https:\/\/bojornal.pt\/wp-content\/uploads\/2022\/03\/Futsal-1-1536x1152.jpg 1536w, https:\/\/bojornal.pt\/wp-content\/uploads\/2022\/03\/Futsal-1.jpg 1920w\" sizes=\"auto, (max-width: 1024px) 100vw, 1024px\" \/><figcaption>Equipa de iniciados (Futsal Em\u00eddio Garcia)<\/figcaption><\/figure>\n\n\n\n<figure class=\"wp-block-image size-large is-style-default\"><img loading=\"lazy\" decoding=\"async\" width=\"1024\" height=\"768\" data-id=\"10997\" src=\"https:\/\/bojornal.pt\/wp-content\/uploads\/2022\/03\/Futsal-2-1024x768.jpg\" alt=\"\" class=\"wp-image-10997\" srcset=\"https:\/\/bojornal.pt\/wp-content\/uploads\/2022\/03\/Futsal-2-1024x768.jpg 1024w, https:\/\/bojornal.pt\/wp-content\/uploads\/2022\/03\/Futsal-2-300x225.jpg 300w, https:\/\/bojornal.pt\/wp-content\/uploads\/2022\/03\/Futsal-2-150x113.jpg 150w, https:\/\/bojornal.pt\/wp-content\/uploads\/2022\/03\/Futsal-2-768x576.jpg 768w, https:\/\/bojornal.pt\/wp-content\/uploads\/2022\/03\/Futsal-2-1536x1152.jpg 1536w, https:\/\/bojornal.pt\/wp-content\/uploads\/2022\/03\/Futsal-2.jpg 2016w\" sizes=\"auto, (max-width: 1024px) 100vw, 1024px\" \/><figcaption>Equipa de Juvenis (Futsal Em\u00eddio Garcia)<\/figcaption><\/figure>\n<\/figure>\n\n\n\n<p>Realizou-se mais uma jornada da prova de futsal do Desporto Escolar, com a participa\u00e7\u00e3o das equipas de juvenis e iniciados masculinos. No passado dia 16 de mar\u00e7o, as equipas do Liceu obtiveram uma boa participa\u00e7\u00e3o. A equipa de iniciados jogou na Escola Luciano Cordeiro, em Mirandela, enquanto a equipa e juvenis jogou em casa. <\/p>\n","protected":false},"excerpt":{"rendered":"<p>Realizou-se mais uma jornada da prova de futsal do Desporto Escolar, com a participa\u00e7\u00e3o das equipas de juvenis e iniciados masculinos. No passado dia 16 de mar\u00e7o, as equipas do Liceu obtiveram uma boa&#46;&#46;&#46;<\/p>\n","protected":false},"author":2,"featured_media":10996,"comment_status":"closed","ping_status":"open","sticky":false,"template":"","format":"standard","meta":{"footnotes":""},"categories":[2,16],"tags":[],"class_list":["post-10995","post","type-post","status-publish","format-standard","has-post-thumbnail","hentry","category-atualidade","category-escola-secundaria-emidio-garcia"],"_links":{"self":[{"href":"https:\/\/bojornal.pt\/index.php?rest_route=\/wp\/v2\/posts\/10995","targetHints":{"allow":["GET"]}}],"collection":[{"href":"https:\/\/bojornal.pt\/index.php?rest_route=\/wp\/v2\/posts"}],"about":[{"href":"https:\/\/bojornal.pt\/index.php?rest_route=\/wp\/v2\/types\/post"}],"author":[{"embeddable":true,"href":"https:\/\/bojornal.pt\/index.php?rest_route=\/wp\/v2\/users\/2"}],"replies":[{"embeddable":true,"href":"https:\/\/bojornal.pt\/index.php?rest_route=%2Fwp%2Fv2%2Fcomments&post=10995"}],"version-history":[{"count":0,"href":"https:\/\/bojornal.pt\/index.php?rest_route=\/wp\/v2\/posts\/10995\/revisions"}],"wp:featuredmedia":[{"embeddable":true,"href":"https:\/\/bojornal.pt\/index.php?rest_route=\/wp\/v2\/media\/10996"}],"wp:attachment":[{"href":"https:\/\/bojornal.pt\/index.php?rest_route=%2Fwp%2Fv2%2Fmedia&parent=10995"}],"wp:term":[{"taxonomy":"category","embeddable":true,"href":"https:\/\/bojornal.pt\/index.php?rest_route=%2Fwp%2Fv2%2Fcategories&post=10995"},{"taxonomy":"post_tag","embeddable":true,"href":"https:\/\/bojornal.pt\/index.php?rest_route=%2Fwp%2Fv2%2Ftags&post=10995"}],"curies":[{"name":"wp","href":"https:\/\/api.w.org\/{rel}","templated":true}]}}