{"id":10988,"date":"2022-03-15T00:19:42","date_gmt":"2022-03-15T00:19:42","guid":{"rendered":"https:\/\/bojornal.pt\/?p=10988"},"modified":"2022-03-15T00:19:44","modified_gmt":"2022-03-15T00:19:44","slug":"alunos-do-secundario-em-sessao-distrital-do-parlamento-dos-jovens","status":"publish","type":"post","link":"https:\/\/bojornal.pt\/?p=10988","title":{"rendered":"Alunos do secund\u00e1rio em Sess\u00e3o Distrital do Parlamento dos Jovens"},"content":{"rendered":"\n<figure class=\"wp-block-gallery has-nested-images columns-default is-cropped wp-block-gallery-1 is-layout-flex wp-block-gallery-is-layout-flex\">\n<figure class=\"wp-block-image size-large is-style-default\"><img loading=\"lazy\" decoding=\"async\" width=\"1024\" height=\"467\" data-id=\"10989\" src=\"https:\/\/bojornal.pt\/wp-content\/uploads\/2022\/03\/FMC_0003-1-1024x467.jpg\" alt=\"\" class=\"wp-image-10989\" srcset=\"https:\/\/bojornal.pt\/wp-content\/uploads\/2022\/03\/FMC_0003-1-1024x467.jpg 1024w, https:\/\/bojornal.pt\/wp-content\/uploads\/2022\/03\/FMC_0003-1-300x137.jpg 300w, https:\/\/bojornal.pt\/wp-content\/uploads\/2022\/03\/FMC_0003-1-150x68.jpg 150w, https:\/\/bojornal.pt\/wp-content\/uploads\/2022\/03\/FMC_0003-1-768x350.jpg 768w, https:\/\/bojornal.pt\/wp-content\/uploads\/2022\/03\/FMC_0003-1-1536x701.jpg 1536w, https:\/\/bojornal.pt\/wp-content\/uploads\/2022\/03\/FMC_0003-1-2048x934.jpg 2048w\" sizes=\"auto, (max-width: 1024px) 100vw, 1024px\" \/><\/figure>\n\n\n\n<figure class=\"wp-block-image size-large is-style-default\"><img loading=\"lazy\" decoding=\"async\" width=\"1024\" height=\"683\" data-id=\"10992\" src=\"https:\/\/bojornal.pt\/wp-content\/uploads\/2022\/03\/FMC_0004-2-1024x683.jpg\" alt=\"\" class=\"wp-image-10992\" srcset=\"https:\/\/bojornal.pt\/wp-content\/uploads\/2022\/03\/FMC_0004-2-1024x683.jpg 1024w, https:\/\/bojornal.pt\/wp-content\/uploads\/2022\/03\/FMC_0004-2-300x200.jpg 300w, https:\/\/bojornal.pt\/wp-content\/uploads\/2022\/03\/FMC_0004-2-150x100.jpg 150w, https:\/\/bojornal.pt\/wp-content\/uploads\/2022\/03\/FMC_0004-2-768x512.jpg 768w, https:\/\/bojornal.pt\/wp-content\/uploads\/2022\/03\/FMC_0004-2-1536x1024.jpg 1536w, https:\/\/bojornal.pt\/wp-content\/uploads\/2022\/03\/FMC_0004-2-2048x1365.jpg 2048w\" sizes=\"auto, (max-width: 1024px) 100vw, 1024px\" \/><\/figure>\n\n\n\n<figure class=\"wp-block-image size-large is-style-default\"><img loading=\"lazy\" decoding=\"async\" width=\"1024\" height=\"552\" data-id=\"10990\" src=\"https:\/\/bojornal.pt\/wp-content\/uploads\/2022\/03\/FMC_0008-1024x552.jpg\" alt=\"\" class=\"wp-image-10990\" srcset=\"https:\/\/bojornal.pt\/wp-content\/uploads\/2022\/03\/FMC_0008-1024x552.jpg 1024w, https:\/\/bojornal.pt\/wp-content\/uploads\/2022\/03\/FMC_0008-300x162.jpg 300w, https:\/\/bojornal.pt\/wp-content\/uploads\/2022\/03\/FMC_0008-150x81.jpg 150w, https:\/\/bojornal.pt\/wp-content\/uploads\/2022\/03\/FMC_0008-768x414.jpg 768w, https:\/\/bojornal.pt\/wp-content\/uploads\/2022\/03\/FMC_0008-1536x828.jpg 1536w, https:\/\/bojornal.pt\/wp-content\/uploads\/2022\/03\/FMC_0008-2048x1104.jpg 2048w\" sizes=\"auto, (max-width: 1024px) 100vw, 1024px\" \/><\/figure>\n\n\n\n<figure class=\"wp-block-image size-large is-style-default\"><img loading=\"lazy\" decoding=\"async\" width=\"1024\" height=\"575\" data-id=\"10991\" src=\"https:\/\/bojornal.pt\/wp-content\/uploads\/2022\/03\/FMC_0014-1024x575.jpg\" alt=\"\" class=\"wp-image-10991\" srcset=\"https:\/\/bojornal.pt\/wp-content\/uploads\/2022\/03\/FMC_0014-1024x575.jpg 1024w, https:\/\/bojornal.pt\/wp-content\/uploads\/2022\/03\/FMC_0014-300x169.jpg 300w, https:\/\/bojornal.pt\/wp-content\/uploads\/2022\/03\/FMC_0014-150x84.jpg 150w, https:\/\/bojornal.pt\/wp-content\/uploads\/2022\/03\/FMC_0014-768x431.jpg 768w, https:\/\/bojornal.pt\/wp-content\/uploads\/2022\/03\/FMC_0014-1536x863.jpg 1536w, https:\/\/bojornal.pt\/wp-content\/uploads\/2022\/03\/FMC_0014-2048x1150.jpg 2048w\" sizes=\"auto, (max-width: 1024px) 100vw, 1024px\" \/><\/figure>\n<\/figure>\n\n\n\n<p>O Agrupamento de Escolas Em\u00eddio Garcia esteve, mais uma vez, muito bem representada no projeto Parlamento dos Jovens. Os alunos e deputados que representaram o Liceu tiveram uma excelente presta\u00e7\u00e3o na defesa das medidas propostas, na sess\u00e3o distrital do secund\u00e1rio realizada, no passado dia 14 de mar\u00e7o, no Audit\u00f3rio Paulo Quintela de Bragan\u00e7a. Este ano, o tema de debate foi: \u201c<em>Fake News \u2013 O Impacto da Desinforma\u00e7\u00e3o na Democracia\u201d<\/em> e motivou um debate de ideias enriquecedor que possibilitou, aos participantes, o contacto com o sistema democr\u00e1tico e parlamentar, uma atividade que visa fomentar a cidadania e cultura democr\u00e1tica dos alunos.<\/p>\n\n\n\n<p>Parab\u00e9ns aos participantes e professores envolvidos no projeto.<\/p>\n","protected":false},"excerpt":{"rendered":"<p>O Agrupamento de Escolas Em\u00eddio Garcia esteve, mais uma vez, muito bem representada no projeto Parlamento dos Jovens. Os alunos e deputados que representaram o Liceu tiveram uma excelente presta\u00e7\u00e3o na defesa das medidas&#46;&#46;&#46;<\/p>\n","protected":false},"author":2,"featured_media":10992,"comment_status":"closed","ping_status":"open","sticky":false,"template":"","format":"standard","meta":{"footnotes":""},"categories":[2,9,16],"tags":[],"class_list":["post-10988","post","type-post","status-publish","format-standard","has-post-thumbnail","hentry","category-atualidade","category-em-foco","category-escola-secundaria-emidio-garcia"],"_links":{"self":[{"href":"https:\/\/bojornal.pt\/index.php?rest_route=\/wp\/v2\/posts\/10988","targetHints":{"allow":["GET"]}}],"collection":[{"href":"https:\/\/bojornal.pt\/index.php?rest_route=\/wp\/v2\/posts"}],"about":[{"href":"https:\/\/bojornal.pt\/index.php?rest_route=\/wp\/v2\/types\/post"}],"author":[{"embeddable":true,"href":"https:\/\/bojornal.pt\/index.php?rest_route=\/wp\/v2\/users\/2"}],"replies":[{"embeddable":true,"href":"https:\/\/bojornal.pt\/index.php?rest_route=%2Fwp%2Fv2%2Fcomments&post=10988"}],"version-history":[{"count":0,"href":"https:\/\/bojornal.pt\/index.php?rest_route=\/wp\/v2\/posts\/10988\/revisions"}],"wp:featuredmedia":[{"embeddable":true,"href":"https:\/\/bojornal.pt\/index.php?rest_route=\/wp\/v2\/media\/10992"}],"wp:attachment":[{"href":"https:\/\/bojornal.pt\/index.php?rest_route=%2Fwp%2Fv2%2Fmedia&parent=10988"}],"wp:term":[{"taxonomy":"category","embeddable":true,"href":"https:\/\/bojornal.pt\/index.php?rest_route=%2Fwp%2Fv2%2Fcategories&post=10988"},{"taxonomy":"post_tag","embeddable":true,"href":"https:\/\/bojornal.pt\/index.php?rest_route=%2Fwp%2Fv2%2Ftags&post=10988"}],"curies":[{"name":"wp","href":"https:\/\/api.w.org\/{rel}","templated":true}]}}