{"id":10959,"date":"2022-03-03T22:19:00","date_gmt":"2022-03-03T22:19:00","guid":{"rendered":"https:\/\/bojornal.pt\/?p=10959"},"modified":"2022-03-09T22:24:05","modified_gmt":"2022-03-09T22:24:05","slug":"desporto-escolar-futsal","status":"publish","type":"post","link":"https:\/\/bojornal.pt\/?p=10959","title":{"rendered":"Desporto Escolar: Futsal"},"content":{"rendered":"\n<figure class=\"wp-block-image size-large is-style-default\"><img loading=\"lazy\" decoding=\"async\" width=\"1024\" height=\"768\" src=\"https:\/\/bojornal.pt\/wp-content\/uploads\/2022\/03\/Futsal-1024x768.jpg\" alt=\"\" class=\"wp-image-10960\" srcset=\"https:\/\/bojornal.pt\/wp-content\/uploads\/2022\/03\/Futsal-1024x768.jpg 1024w, https:\/\/bojornal.pt\/wp-content\/uploads\/2022\/03\/Futsal-300x225.jpg 300w, https:\/\/bojornal.pt\/wp-content\/uploads\/2022\/03\/Futsal-150x113.jpg 150w, https:\/\/bojornal.pt\/wp-content\/uploads\/2022\/03\/Futsal-768x576.jpg 768w, https:\/\/bojornal.pt\/wp-content\/uploads\/2022\/03\/Futsal-1536x1152.jpg 1536w, https:\/\/bojornal.pt\/wp-content\/uploads\/2022\/03\/Futsal.jpg 2000w\" sizes=\"auto, (max-width: 1024px) 100vw, 1024px\" \/><\/figure>\n\n\n\n<p>A equipa de futsal de iniciados masculinos da Escola Em\u00eddio Garcia estreou-se, da melhor forma, na prova do Desporto Escolar. Em dois jogos, realizados no pavilh\u00e3o da Escola Em\u00eddio Garcia, a equipa do Liceu garantiu duas vit\u00f3rias. <\/p>\n","protected":false},"excerpt":{"rendered":"<p>A equipa de futsal de iniciados masculinos da Escola Em\u00eddio Garcia estreou-se, da melhor forma, na prova do Desporto Escolar. Em dois jogos, realizados no pavilh\u00e3o da Escola Em\u00eddio Garcia, a equipa do Liceu&#46;&#46;&#46;<\/p>\n","protected":false},"author":2,"featured_media":10960,"comment_status":"closed","ping_status":"open","sticky":false,"template":"","format":"standard","meta":{"footnotes":""},"categories":[2,16],"tags":[],"class_list":["post-10959","post","type-post","status-publish","format-standard","has-post-thumbnail","hentry","category-atualidade","category-escola-secundaria-emidio-garcia"],"_links":{"self":[{"href":"https:\/\/bojornal.pt\/index.php?rest_route=\/wp\/v2\/posts\/10959","targetHints":{"allow":["GET"]}}],"collection":[{"href":"https:\/\/bojornal.pt\/index.php?rest_route=\/wp\/v2\/posts"}],"about":[{"href":"https:\/\/bojornal.pt\/index.php?rest_route=\/wp\/v2\/types\/post"}],"author":[{"embeddable":true,"href":"https:\/\/bojornal.pt\/index.php?rest_route=\/wp\/v2\/users\/2"}],"replies":[{"embeddable":true,"href":"https:\/\/bojornal.pt\/index.php?rest_route=%2Fwp%2Fv2%2Fcomments&post=10959"}],"version-history":[{"count":0,"href":"https:\/\/bojornal.pt\/index.php?rest_route=\/wp\/v2\/posts\/10959\/revisions"}],"wp:featuredmedia":[{"embeddable":true,"href":"https:\/\/bojornal.pt\/index.php?rest_route=\/wp\/v2\/media\/10960"}],"wp:attachment":[{"href":"https:\/\/bojornal.pt\/index.php?rest_route=%2Fwp%2Fv2%2Fmedia&parent=10959"}],"wp:term":[{"taxonomy":"category","embeddable":true,"href":"https:\/\/bojornal.pt\/index.php?rest_route=%2Fwp%2Fv2%2Fcategories&post=10959"},{"taxonomy":"post_tag","embeddable":true,"href":"https:\/\/bojornal.pt\/index.php?rest_route=%2Fwp%2Fv2%2Ftags&post=10959"}],"curies":[{"name":"wp","href":"https:\/\/api.w.org\/{rel}","templated":true}]}}