{"id":10956,"date":"2022-03-06T22:12:00","date_gmt":"2022-03-06T22:12:00","guid":{"rendered":"https:\/\/bojornal.pt\/?p=10956"},"modified":"2022-03-09T22:17:23","modified_gmt":"2022-03-09T22:17:23","slug":"desporto-escolar-voleibol-feminino","status":"publish","type":"post","link":"https:\/\/bojornal.pt\/?p=10956","title":{"rendered":"Desporto Escolar: Voleibol Feminino"},"content":{"rendered":"\n<figure class=\"wp-block-image size-large is-style-default\"><img loading=\"lazy\" decoding=\"async\" width=\"1024\" height=\"682\" src=\"https:\/\/bojornal.pt\/wp-content\/uploads\/2022\/03\/Voleibol-feminino-1024x682.jpg\" alt=\"\" class=\"wp-image-10957\" srcset=\"https:\/\/bojornal.pt\/wp-content\/uploads\/2022\/03\/Voleibol-feminino-1024x682.jpg 1024w, https:\/\/bojornal.pt\/wp-content\/uploads\/2022\/03\/Voleibol-feminino-300x200.jpg 300w, https:\/\/bojornal.pt\/wp-content\/uploads\/2022\/03\/Voleibol-feminino-150x100.jpg 150w, https:\/\/bojornal.pt\/wp-content\/uploads\/2022\/03\/Voleibol-feminino-768x512.jpg 768w, https:\/\/bojornal.pt\/wp-content\/uploads\/2022\/03\/Voleibol-feminino-1536x1023.jpg 1536w, https:\/\/bojornal.pt\/wp-content\/uploads\/2022\/03\/Voleibol-feminino.jpg 1600w\" sizes=\"auto, (max-width: 1024px) 100vw, 1024px\" \/><\/figure>\n\n\n\n<p>A equipa feminina de voleibol da Escola Em\u00eddio Garcia iniciou a sua caminhada na prova do Desporto Escolar. Na primeira jornada, realizada no passado dia 5 de mar\u00e7o  no pavilh\u00e3o da Escola Abade Ba\u00e7al, a equipa do Liceu defrontou as equipas das escolas Abade Ba\u00e7al e de Mirandela.<br \/>Mais uma jornada cheia de fair-play, partilha, conv\u00edvio, divers\u00e3o e viv\u00eancias!<\/p>\n","protected":false},"excerpt":{"rendered":"<p>A equipa feminina de voleibol da Escola Em\u00eddio Garcia iniciou a sua caminhada na prova do Desporto Escolar. Na primeira jornada, realizada no passado dia 5 de mar\u00e7o no pavilh\u00e3o da Escola Abade Ba\u00e7al,&#46;&#46;&#46;<\/p>\n","protected":false},"author":2,"featured_media":10957,"comment_status":"closed","ping_status":"open","sticky":false,"template":"","format":"standard","meta":{"footnotes":""},"categories":[2,16],"tags":[],"class_list":["post-10956","post","type-post","status-publish","format-standard","has-post-thumbnail","hentry","category-atualidade","category-escola-secundaria-emidio-garcia"],"_links":{"self":[{"href":"https:\/\/bojornal.pt\/index.php?rest_route=\/wp\/v2\/posts\/10956","targetHints":{"allow":["GET"]}}],"collection":[{"href":"https:\/\/bojornal.pt\/index.php?rest_route=\/wp\/v2\/posts"}],"about":[{"href":"https:\/\/bojornal.pt\/index.php?rest_route=\/wp\/v2\/types\/post"}],"author":[{"embeddable":true,"href":"https:\/\/bojornal.pt\/index.php?rest_route=\/wp\/v2\/users\/2"}],"replies":[{"embeddable":true,"href":"https:\/\/bojornal.pt\/index.php?rest_route=%2Fwp%2Fv2%2Fcomments&post=10956"}],"version-history":[{"count":0,"href":"https:\/\/bojornal.pt\/index.php?rest_route=\/wp\/v2\/posts\/10956\/revisions"}],"wp:featuredmedia":[{"embeddable":true,"href":"https:\/\/bojornal.pt\/index.php?rest_route=\/wp\/v2\/media\/10957"}],"wp:attachment":[{"href":"https:\/\/bojornal.pt\/index.php?rest_route=%2Fwp%2Fv2%2Fmedia&parent=10956"}],"wp:term":[{"taxonomy":"category","embeddable":true,"href":"https:\/\/bojornal.pt\/index.php?rest_route=%2Fwp%2Fv2%2Fcategories&post=10956"},{"taxonomy":"post_tag","embeddable":true,"href":"https:\/\/bojornal.pt\/index.php?rest_route=%2Fwp%2Fv2%2Ftags&post=10956"}],"curies":[{"name":"wp","href":"https:\/\/api.w.org\/{rel}","templated":true}]}}