{"id":10952,"date":"2022-03-03T22:06:00","date_gmt":"2022-03-03T22:06:00","guid":{"rendered":"https:\/\/bojornal.pt\/?p=10952"},"modified":"2022-03-09T22:10:33","modified_gmt":"2022-03-09T22:10:33","slug":"10952","status":"publish","type":"post","link":"https:\/\/bojornal.pt\/?p=10952","title":{"rendered":"Desporto Escolar: Badminton"},"content":{"rendered":"\n<figure class=\"wp-block-image size-large is-style-default\"><img loading=\"lazy\" decoding=\"async\" width=\"1024\" height=\"768\" src=\"https:\/\/bojornal.pt\/wp-content\/uploads\/2022\/03\/BadMinton-1024x768.jpg\" alt=\"\" class=\"wp-image-10953\" srcset=\"https:\/\/bojornal.pt\/wp-content\/uploads\/2022\/03\/BadMinton-1024x768.jpg 1024w, https:\/\/bojornal.pt\/wp-content\/uploads\/2022\/03\/BadMinton-300x225.jpg 300w, https:\/\/bojornal.pt\/wp-content\/uploads\/2022\/03\/BadMinton-150x113.jpg 150w, https:\/\/bojornal.pt\/wp-content\/uploads\/2022\/03\/BadMinton-768x576.jpg 768w, https:\/\/bojornal.pt\/wp-content\/uploads\/2022\/03\/BadMinton-1536x1152.jpg 1536w, https:\/\/bojornal.pt\/wp-content\/uploads\/2022\/03\/BadMinton-2048x1536.jpg 2048w\" sizes=\"auto, (max-width: 1024px) 100vw, 1024px\" \/><\/figure>\n\n\n\n<p>O Desporto Escolar est\u00e1 de volta e em grande. Realizou-se, no passado dia 2 de mar\u00e7o, o primeiro encontro de Badminton, realizado no Pavilh\u00e3o da Escola Abade Bacal!! Envolto de um ambiente muito agrad\u00e1vel e de alunos cheios de vontade de regressarem \u00e0s competi\u00e7\u00f5es! Mais uma vez vestiram o equipamento da escola e representaram o AEEG com uma exibi\u00e7\u00e3o exemplar!!<\/p>\n","protected":false},"excerpt":{"rendered":"<p>O Desporto Escolar est\u00e1 de volta e em grande. Realizou-se, no passado dia 2 de mar\u00e7o, o primeiro encontro de Badminton, realizado no Pavilh\u00e3o da Escola Abade Bacal!! Envolto de um ambiente muito agrad\u00e1vel&#46;&#46;&#46;<\/p>\n","protected":false},"author":2,"featured_media":10953,"comment_status":"closed","ping_status":"open","sticky":false,"template":"","format":"standard","meta":{"footnotes":""},"categories":[2,16],"tags":[],"class_list":["post-10952","post","type-post","status-publish","format-standard","has-post-thumbnail","hentry","category-atualidade","category-escola-secundaria-emidio-garcia"],"_links":{"self":[{"href":"https:\/\/bojornal.pt\/index.php?rest_route=\/wp\/v2\/posts\/10952","targetHints":{"allow":["GET"]}}],"collection":[{"href":"https:\/\/bojornal.pt\/index.php?rest_route=\/wp\/v2\/posts"}],"about":[{"href":"https:\/\/bojornal.pt\/index.php?rest_route=\/wp\/v2\/types\/post"}],"author":[{"embeddable":true,"href":"https:\/\/bojornal.pt\/index.php?rest_route=\/wp\/v2\/users\/2"}],"replies":[{"embeddable":true,"href":"https:\/\/bojornal.pt\/index.php?rest_route=%2Fwp%2Fv2%2Fcomments&post=10952"}],"version-history":[{"count":0,"href":"https:\/\/bojornal.pt\/index.php?rest_route=\/wp\/v2\/posts\/10952\/revisions"}],"wp:featuredmedia":[{"embeddable":true,"href":"https:\/\/bojornal.pt\/index.php?rest_route=\/wp\/v2\/media\/10953"}],"wp:attachment":[{"href":"https:\/\/bojornal.pt\/index.php?rest_route=%2Fwp%2Fv2%2Fmedia&parent=10952"}],"wp:term":[{"taxonomy":"category","embeddable":true,"href":"https:\/\/bojornal.pt\/index.php?rest_route=%2Fwp%2Fv2%2Fcategories&post=10952"},{"taxonomy":"post_tag","embeddable":true,"href":"https:\/\/bojornal.pt\/index.php?rest_route=%2Fwp%2Fv2%2Ftags&post=10952"}],"curies":[{"name":"wp","href":"https:\/\/api.w.org\/{rel}","templated":true}]}}