{"id":10947,"date":"2022-03-08T17:49:31","date_gmt":"2022-03-08T17:49:31","guid":{"rendered":"https:\/\/bojornal.pt\/?p=10947"},"modified":"2022-03-08T17:49:38","modified_gmt":"2022-03-08T17:49:38","slug":"gruteg-peca-solidaria-o-poder-do-amor","status":"publish","type":"post","link":"https:\/\/bojornal.pt\/?p=10947","title":{"rendered":"GRUTEG: Pe\u00e7a solid\u00e1ria &#8211; &#8220;O Poder do Amor&#8221;"},"content":{"rendered":"\n<figure class=\"wp-block-image size-large is-style-default\"><img loading=\"lazy\" decoding=\"async\" width=\"576\" height=\"1024\" src=\"https:\/\/bojornal.pt\/wp-content\/uploads\/2022\/03\/Teatro-Semana-Caritas-1-576x1024.jpg\" alt=\"\" class=\"wp-image-10948\" srcset=\"https:\/\/bojornal.pt\/wp-content\/uploads\/2022\/03\/Teatro-Semana-Caritas-1-576x1024.jpg 576w, https:\/\/bojornal.pt\/wp-content\/uploads\/2022\/03\/Teatro-Semana-Caritas-1-169x300.jpg 169w, https:\/\/bojornal.pt\/wp-content\/uploads\/2022\/03\/Teatro-Semana-Caritas-1-84x150.jpg 84w, https:\/\/bojornal.pt\/wp-content\/uploads\/2022\/03\/Teatro-Semana-Caritas-1-768x1365.jpg 768w, https:\/\/bojornal.pt\/wp-content\/uploads\/2022\/03\/Teatro-Semana-Caritas-1-864x1536.jpg 864w, https:\/\/bojornal.pt\/wp-content\/uploads\/2022\/03\/Teatro-Semana-Caritas-1.jpg 1080w\" sizes=\"auto, (max-width: 576px) 100vw, 576px\" \/><\/figure>\n\n\n\n<p>O GRUTEG (Grupo de Teatro da Escola Em\u00eddio Garcia) vai apresentar a pe\u00e7a &#8220;O poder do Amor&#8221;, numa iniciativa solid\u00e1ria, em parceria com a C\u00e1ritas Diocesana de Bragan\u00e7a-Miranda. Esta atividade, enquadrada na semana da C\u00e1ritas, realiza-se no pr\u00f3ximo dia 18 de mar\u00e7o (20h30min), no Sal\u00e3o Nobre da Escola Em\u00eddio Garcia e tem uma vertente solid\u00e1ria. Os interessados podem fazer a entrega de donativos (bem alimentar). <\/p>\n","protected":false},"excerpt":{"rendered":"<p>O GRUTEG (Grupo de Teatro da Escola Em\u00eddio Garcia) vai apresentar a pe\u00e7a &#8220;O poder do Amor&#8221;, numa iniciativa solid\u00e1ria, em parceria com a C\u00e1ritas Diocesana de Bragan\u00e7a-Miranda. Esta atividade, enquadrada na semana da&#46;&#46;&#46;<\/p>\n","protected":false},"author":2,"featured_media":10949,"comment_status":"closed","ping_status":"open","sticky":false,"template":"","format":"standard","meta":{"footnotes":""},"categories":[2,3,9,16],"tags":[],"class_list":["post-10947","post","type-post","status-publish","format-standard","has-post-thumbnail","hentry","category-atualidade","category-cultura","category-em-foco","category-escola-secundaria-emidio-garcia"],"_links":{"self":[{"href":"https:\/\/bojornal.pt\/index.php?rest_route=\/wp\/v2\/posts\/10947","targetHints":{"allow":["GET"]}}],"collection":[{"href":"https:\/\/bojornal.pt\/index.php?rest_route=\/wp\/v2\/posts"}],"about":[{"href":"https:\/\/bojornal.pt\/index.php?rest_route=\/wp\/v2\/types\/post"}],"author":[{"embeddable":true,"href":"https:\/\/bojornal.pt\/index.php?rest_route=\/wp\/v2\/users\/2"}],"replies":[{"embeddable":true,"href":"https:\/\/bojornal.pt\/index.php?rest_route=%2Fwp%2Fv2%2Fcomments&post=10947"}],"version-history":[{"count":0,"href":"https:\/\/bojornal.pt\/index.php?rest_route=\/wp\/v2\/posts\/10947\/revisions"}],"wp:featuredmedia":[{"embeddable":true,"href":"https:\/\/bojornal.pt\/index.php?rest_route=\/wp\/v2\/media\/10949"}],"wp:attachment":[{"href":"https:\/\/bojornal.pt\/index.php?rest_route=%2Fwp%2Fv2%2Fmedia&parent=10947"}],"wp:term":[{"taxonomy":"category","embeddable":true,"href":"https:\/\/bojornal.pt\/index.php?rest_route=%2Fwp%2Fv2%2Fcategories&post=10947"},{"taxonomy":"post_tag","embeddable":true,"href":"https:\/\/bojornal.pt\/index.php?rest_route=%2Fwp%2Fv2%2Ftags&post=10947"}],"curies":[{"name":"wp","href":"https:\/\/api.w.org\/{rel}","templated":true}]}}