{"id":10898,"date":"2022-03-07T23:44:00","date_gmt":"2022-03-07T23:44:00","guid":{"rendered":"https:\/\/bojornal.pt\/?p=10898"},"modified":"2022-03-08T17:40:54","modified_gmt":"2022-03-08T17:40:54","slug":"parlamento-dos-jovens-fake-news-em-destaque","status":"publish","type":"post","link":"https:\/\/bojornal.pt\/?p=10898","title":{"rendered":"Parlamento dos Jovens: Fake News em destaque"},"content":{"rendered":"\n<figure class=\"wp-block-image size-full is-style-default\"><img loading=\"lazy\" decoding=\"async\" width=\"800\" height=\"800\" src=\"https:\/\/bojornal.pt\/wp-content\/uploads\/2022\/03\/R-1.png\" alt=\"\" class=\"wp-image-10899\" srcset=\"https:\/\/bojornal.pt\/wp-content\/uploads\/2022\/03\/R-1.png 800w, https:\/\/bojornal.pt\/wp-content\/uploads\/2022\/03\/R-1-300x300.png 300w, https:\/\/bojornal.pt\/wp-content\/uploads\/2022\/03\/R-1-150x150.png 150w, https:\/\/bojornal.pt\/wp-content\/uploads\/2022\/03\/R-1-768x768.png 768w, https:\/\/bojornal.pt\/wp-content\/uploads\/2022\/03\/R-1-80x80.png 80w, https:\/\/bojornal.pt\/wp-content\/uploads\/2022\/03\/R-1-320x320.png 320w\" sizes=\"auto, (max-width: 800px) 100vw, 800px\" \/><figcaption>Esta ano, as <em>Fake News <\/em>\u00e9 o grande destaque do Parlamento dos Jovens. Este programa \u00e9 uma iniciativa da Assembleia da Rep\u00fablica, dirigida aos jovens dos 2.\u00ba e 3.\u00ba<br \/>ciclos do ensino b\u00e1sico e do ensino secund\u00e1rio e tem como principais objetivos: educar para a cidadania, estimulando o gosto pela participa\u00e7\u00e3o c\u00edvica e pol\u00edtica; dar a conhecer a Assembleia da Rep\u00fablica, o significado do mandato parlamentar, as regras do debate parlamentar e o processo de decis\u00e3o do<br \/>Parlamento, enquanto \u00f3rg\u00e3o representativo de todos os cidad\u00e3os portugueses; promover o debate democr\u00e1tico, o respeito pela diversidade de opini\u00f5es e pelas regras de forma\u00e7\u00e3o das decis\u00f5es; e incentivar a reflex\u00e3o e o debate sobre um tema, definido anualmente.<br \/>O nosso Agrupamento participa quer no Ensino B\u00e1sico quer no Ensino Secund\u00e1rio. Este ano, os temas s\u00e3o, para o Ensino B\u00e1sico \u2013 Fake News \u2013 Que estrat\u00e9gias para combater a Desinforma\u00e7\u00e3o? E, <br \/>para o Ensino Secund\u00e1rio: Fake News \u2013 O Impacto da Desinforma\u00e7\u00e3o na Democracia.<br \/>A sess\u00e3o Distrital do Secund\u00e1rio vai realizar-se no dia 14 de mar\u00e7o e a do B\u00e1sico  no dia 22 de mar\u00e7o. O Presidente da mesa, eleito entre v\u00e1rios por videoconfer\u00eancia, \u00e9 da nossa Escola.<br \/>Bons debates!!!!<br \/><\/figcaption><\/figure>\n","protected":false},"excerpt":{"rendered":"","protected":false},"author":2,"featured_media":10899,"comment_status":"closed","ping_status":"open","sticky":false,"template":"","format":"standard","meta":{"footnotes":""},"categories":[2,16],"tags":[],"class_list":["post-10898","post","type-post","status-publish","format-standard","has-post-thumbnail","hentry","category-atualidade","category-escola-secundaria-emidio-garcia"],"_links":{"self":[{"href":"https:\/\/bojornal.pt\/index.php?rest_route=\/wp\/v2\/posts\/10898","targetHints":{"allow":["GET"]}}],"collection":[{"href":"https:\/\/bojornal.pt\/index.php?rest_route=\/wp\/v2\/posts"}],"about":[{"href":"https:\/\/bojornal.pt\/index.php?rest_route=\/wp\/v2\/types\/post"}],"author":[{"embeddable":true,"href":"https:\/\/bojornal.pt\/index.php?rest_route=\/wp\/v2\/users\/2"}],"replies":[{"embeddable":true,"href":"https:\/\/bojornal.pt\/index.php?rest_route=%2Fwp%2Fv2%2Fcomments&post=10898"}],"version-history":[{"count":0,"href":"https:\/\/bojornal.pt\/index.php?rest_route=\/wp\/v2\/posts\/10898\/revisions"}],"wp:featuredmedia":[{"embeddable":true,"href":"https:\/\/bojornal.pt\/index.php?rest_route=\/wp\/v2\/media\/10899"}],"wp:attachment":[{"href":"https:\/\/bojornal.pt\/index.php?rest_route=%2Fwp%2Fv2%2Fmedia&parent=10898"}],"wp:term":[{"taxonomy":"category","embeddable":true,"href":"https:\/\/bojornal.pt\/index.php?rest_route=%2Fwp%2Fv2%2Fcategories&post=10898"},{"taxonomy":"post_tag","embeddable":true,"href":"https:\/\/bojornal.pt\/index.php?rest_route=%2Fwp%2Fv2%2Ftags&post=10898"}],"curies":[{"name":"wp","href":"https:\/\/api.w.org\/{rel}","templated":true}]}}