{"id":10895,"date":"2022-03-03T23:40:42","date_gmt":"2022-03-03T23:40:42","guid":{"rendered":"https:\/\/bojornal.pt\/?p=10895"},"modified":"2022-03-03T23:41:22","modified_gmt":"2022-03-03T23:41:22","slug":"associativismo-juvenil-escola-para-a-igualdade","status":"publish","type":"post","link":"https:\/\/bojornal.pt\/?p=10895","title":{"rendered":"Associativismo Juvenil: Escola para a Igualdade"},"content":{"rendered":"\n<figure class=\"wp-block-image size-large is-style-default\"><img loading=\"lazy\" decoding=\"async\" width=\"1024\" height=\"683\" src=\"https:\/\/bojornal.pt\/wp-content\/uploads\/2022\/03\/carrinha_Assoc_Juvenil-1024x683.jpg\" alt=\"\" class=\"wp-image-10896\" srcset=\"https:\/\/bojornal.pt\/wp-content\/uploads\/2022\/03\/carrinha_Assoc_Juvenil-1024x683.jpg 1024w, https:\/\/bojornal.pt\/wp-content\/uploads\/2022\/03\/carrinha_Assoc_Juvenil-300x200.jpg 300w, https:\/\/bojornal.pt\/wp-content\/uploads\/2022\/03\/carrinha_Assoc_Juvenil-150x100.jpg 150w, https:\/\/bojornal.pt\/wp-content\/uploads\/2022\/03\/carrinha_Assoc_Juvenil-768x512.jpg 768w, https:\/\/bojornal.pt\/wp-content\/uploads\/2022\/03\/carrinha_Assoc_Juvenil-1536x1024.jpg 1536w, https:\/\/bojornal.pt\/wp-content\/uploads\/2022\/03\/carrinha_Assoc_Juvenil-2048x1365.jpg 2048w\" sizes=\"auto, (max-width: 1024px) 100vw, 1024px\" \/><\/figure>\n\n\n\n<p>Vai-se realizar no dia 10 de mar\u00e7o das 10h00 \u00e0s 17h00, uma a\u00e7\u00e3o de sensibiliza\u00e7\u00e3o da<br \/>campanha da Igualdade, para as turmas de 10\u00ba ano, no \u00e2mbito do Associativismo<br \/>Juvenil:- Escola para a Igualdade.<br \/>O objetivo desta Campanha \u00e9 sensibilizar os\/as jovens para as quest\u00f5es da<br \/>igualdade e n\u00e3o discrimina\u00e7\u00e3o, abordando temas como igualdade de g\u00e9nero, igualdade<br \/>de oportunidades, orienta\u00e7\u00e3o sexual, origem \u00e9tnica, origem racial, defici\u00eancia, idade,<br \/>cren\u00e7a ou religi\u00e3o e caracter\u00edsticas sociais e econ\u00f3micas. Esta interven\u00e7\u00e3o orienta-se<br \/>para o estabelecimento de uma cultura de paz, promovendo os Direitos Humanos<br \/>atrav\u00e9s de din\u00e2micas de Educa\u00e7\u00e3o N\u00e3o Formal. Pretendemos, assim, promover a<br \/>cidadania atrav\u00e9s do conceito da igualdade aliado ao conceito de diversidade.<\/p>\n","protected":false},"excerpt":{"rendered":"<p>Vai-se realizar no dia 10 de mar\u00e7o das 10h00 \u00e0s 17h00, uma a\u00e7\u00e3o de sensibiliza\u00e7\u00e3o dacampanha da Igualdade, para as turmas de 10\u00ba ano, no \u00e2mbito do AssociativismoJuvenil:- Escola para a Igualdade.O objetivo desta&#46;&#46;&#46;<\/p>\n","protected":false},"author":2,"featured_media":10896,"comment_status":"closed","ping_status":"open","sticky":false,"template":"","format":"standard","meta":{"footnotes":""},"categories":[2,9,16],"tags":[],"class_list":["post-10895","post","type-post","status-publish","format-standard","has-post-thumbnail","hentry","category-atualidade","category-em-foco","category-escola-secundaria-emidio-garcia"],"_links":{"self":[{"href":"https:\/\/bojornal.pt\/index.php?rest_route=\/wp\/v2\/posts\/10895","targetHints":{"allow":["GET"]}}],"collection":[{"href":"https:\/\/bojornal.pt\/index.php?rest_route=\/wp\/v2\/posts"}],"about":[{"href":"https:\/\/bojornal.pt\/index.php?rest_route=\/wp\/v2\/types\/post"}],"author":[{"embeddable":true,"href":"https:\/\/bojornal.pt\/index.php?rest_route=\/wp\/v2\/users\/2"}],"replies":[{"embeddable":true,"href":"https:\/\/bojornal.pt\/index.php?rest_route=%2Fwp%2Fv2%2Fcomments&post=10895"}],"version-history":[{"count":0,"href":"https:\/\/bojornal.pt\/index.php?rest_route=\/wp\/v2\/posts\/10895\/revisions"}],"wp:featuredmedia":[{"embeddable":true,"href":"https:\/\/bojornal.pt\/index.php?rest_route=\/wp\/v2\/media\/10896"}],"wp:attachment":[{"href":"https:\/\/bojornal.pt\/index.php?rest_route=%2Fwp%2Fv2%2Fmedia&parent=10895"}],"wp:term":[{"taxonomy":"category","embeddable":true,"href":"https:\/\/bojornal.pt\/index.php?rest_route=%2Fwp%2Fv2%2Fcategories&post=10895"},{"taxonomy":"post_tag","embeddable":true,"href":"https:\/\/bojornal.pt\/index.php?rest_route=%2Fwp%2Fv2%2Ftags&post=10895"}],"curies":[{"name":"wp","href":"https:\/\/api.w.org\/{rel}","templated":true}]}}