{"id":10891,"date":"2022-03-03T18:35:26","date_gmt":"2022-03-03T18:35:26","guid":{"rendered":"https:\/\/bojornal.pt\/?p=10891"},"modified":"2022-03-03T18:35:29","modified_gmt":"2022-03-03T18:35:29","slug":"acao-pela-paz","status":"publish","type":"post","link":"https:\/\/bojornal.pt\/?p=10891","title":{"rendered":"A\u00e7\u00e3o pela Paz"},"content":{"rendered":"\n<figure class=\"wp-block-image size-large is-style-default\"><img loading=\"lazy\" decoding=\"async\" width=\"724\" height=\"1024\" src=\"https:\/\/bojornal.pt\/wp-content\/uploads\/2022\/03\/ACAO-PELA-PAZ-2-724x1024.jpg\" alt=\"\" class=\"wp-image-10892\" srcset=\"https:\/\/bojornal.pt\/wp-content\/uploads\/2022\/03\/ACAO-PELA-PAZ-2-724x1024.jpg 724w, https:\/\/bojornal.pt\/wp-content\/uploads\/2022\/03\/ACAO-PELA-PAZ-2-212x300.jpg 212w, https:\/\/bojornal.pt\/wp-content\/uploads\/2022\/03\/ACAO-PELA-PAZ-2-106x150.jpg 106w, https:\/\/bojornal.pt\/wp-content\/uploads\/2022\/03\/ACAO-PELA-PAZ-2-768x1086.jpg 768w, https:\/\/bojornal.pt\/wp-content\/uploads\/2022\/03\/ACAO-PELA-PAZ-2.jpg 794w\" sizes=\"auto, (max-width: 724px) 100vw, 724px\" \/><\/figure>\n\n\n\n<p>O Agrupamento de Escolas Em\u00eddio Garcia est\u00e1 a organizar uma atividade de reflex\u00e3o sobre a paz. <em>A\u00e7\u00e3o pela Paz<\/em>, agendada para amanh\u00e3, dia 4 de mar\u00e7o de 2022, visa refletir para a import\u00e2ncia da promo\u00e7\u00e3o da paz e manifesta\u00e7\u00e3o de solidariedade para com todas as v\u00edtimas da guerra, nomeadamente aqueles que sofrem com a atual situa\u00e7\u00e3o vivida na Ucr\u00e2nia. Os alunos dos diversos ciclos de ensino ir\u00e3o construir, em frente \u00e0 Catedral de Bragan\u00e7a, uma pomba, s\u00edmbolo da paz, e participar num pequeno momento de poesia e musical. <\/p>\n","protected":false},"excerpt":{"rendered":"<p>O Agrupamento de Escolas Em\u00eddio Garcia est\u00e1 a organizar uma atividade de reflex\u00e3o sobre a paz. A\u00e7\u00e3o pela Paz, agendada para amanh\u00e3, dia 4 de mar\u00e7o de 2022, visa refletir para a import\u00e2ncia da&#46;&#46;&#46;<\/p>\n","protected":false},"author":2,"featured_media":10893,"comment_status":"closed","ping_status":"open","sticky":false,"template":"","format":"standard","meta":{"footnotes":""},"categories":[14,2,3,9,13,16,19,15],"tags":[],"class_list":["post-10891","post","type-post","status-publish","format-standard","has-post-thumbnail","hentry","category-1o-ciclo","category-atualidade","category-cultura","category-em-foco","category-escola-paulo-quintela","category-escola-secundaria-emidio-garcia","category-intertextualidades","category-pre-escolar"],"_links":{"self":[{"href":"https:\/\/bojornal.pt\/index.php?rest_route=\/wp\/v2\/posts\/10891","targetHints":{"allow":["GET"]}}],"collection":[{"href":"https:\/\/bojornal.pt\/index.php?rest_route=\/wp\/v2\/posts"}],"about":[{"href":"https:\/\/bojornal.pt\/index.php?rest_route=\/wp\/v2\/types\/post"}],"author":[{"embeddable":true,"href":"https:\/\/bojornal.pt\/index.php?rest_route=\/wp\/v2\/users\/2"}],"replies":[{"embeddable":true,"href":"https:\/\/bojornal.pt\/index.php?rest_route=%2Fwp%2Fv2%2Fcomments&post=10891"}],"version-history":[{"count":0,"href":"https:\/\/bojornal.pt\/index.php?rest_route=\/wp\/v2\/posts\/10891\/revisions"}],"wp:featuredmedia":[{"embeddable":true,"href":"https:\/\/bojornal.pt\/index.php?rest_route=\/wp\/v2\/media\/10893"}],"wp:attachment":[{"href":"https:\/\/bojornal.pt\/index.php?rest_route=%2Fwp%2Fv2%2Fmedia&parent=10891"}],"wp:term":[{"taxonomy":"category","embeddable":true,"href":"https:\/\/bojornal.pt\/index.php?rest_route=%2Fwp%2Fv2%2Fcategories&post=10891"},{"taxonomy":"post_tag","embeddable":true,"href":"https:\/\/bojornal.pt\/index.php?rest_route=%2Fwp%2Fv2%2Ftags&post=10891"}],"curies":[{"name":"wp","href":"https:\/\/api.w.org\/{rel}","templated":true}]}}