{"id":10833,"date":"2022-02-24T09:40:17","date_gmt":"2022-02-24T09:40:17","guid":{"rendered":"https:\/\/bojornal.pt\/?p=10833"},"modified":"2022-02-24T09:40:19","modified_gmt":"2022-02-24T09:40:19","slug":"semana-da-empatia-ubuntu","status":"publish","type":"post","link":"https:\/\/bojornal.pt\/?p=10833","title":{"rendered":"Semana da Empatia UBUNTU"},"content":{"rendered":"\n<figure class=\"wp-block-gallery has-nested-images columns-default is-cropped wp-block-gallery-1 is-layout-flex wp-block-gallery-is-layout-flex\">\n<figure class=\"wp-block-image size-large is-style-default\"><img loading=\"lazy\" decoding=\"async\" width=\"1024\" height=\"768\" data-id=\"10836\" src=\"https:\/\/bojornal.pt\/wp-content\/uploads\/2022\/02\/Semana-da-Empatia-1024x768.jpg\" alt=\"\" class=\"wp-image-10836\" srcset=\"https:\/\/bojornal.pt\/wp-content\/uploads\/2022\/02\/Semana-da-Empatia-1024x768.jpg 1024w, https:\/\/bojornal.pt\/wp-content\/uploads\/2022\/02\/Semana-da-Empatia-300x225.jpg 300w, https:\/\/bojornal.pt\/wp-content\/uploads\/2022\/02\/Semana-da-Empatia-150x113.jpg 150w, https:\/\/bojornal.pt\/wp-content\/uploads\/2022\/02\/Semana-da-Empatia-768x576.jpg 768w, https:\/\/bojornal.pt\/wp-content\/uploads\/2022\/02\/Semana-da-Empatia-1536x1152.jpg 1536w, https:\/\/bojornal.pt\/wp-content\/uploads\/2022\/02\/Semana-da-Empatia.jpg 1600w\" sizes=\"auto, (max-width: 1024px) 100vw, 1024px\" \/><\/figure>\n\n\n\n<figure class=\"wp-block-image size-large is-style-default\"><img loading=\"lazy\" decoding=\"async\" width=\"1024\" height=\"768\" data-id=\"10834\" src=\"https:\/\/bojornal.pt\/wp-content\/uploads\/2022\/02\/Semana-da-Empatia1-1024x768.jpg\" alt=\"\" class=\"wp-image-10834\" srcset=\"https:\/\/bojornal.pt\/wp-content\/uploads\/2022\/02\/Semana-da-Empatia1-1024x768.jpg 1024w, https:\/\/bojornal.pt\/wp-content\/uploads\/2022\/02\/Semana-da-Empatia1-300x225.jpg 300w, https:\/\/bojornal.pt\/wp-content\/uploads\/2022\/02\/Semana-da-Empatia1-150x113.jpg 150w, https:\/\/bojornal.pt\/wp-content\/uploads\/2022\/02\/Semana-da-Empatia1-768x576.jpg 768w, https:\/\/bojornal.pt\/wp-content\/uploads\/2022\/02\/Semana-da-Empatia1-1536x1152.jpg 1536w, https:\/\/bojornal.pt\/wp-content\/uploads\/2022\/02\/Semana-da-Empatia1.jpg 1600w\" sizes=\"auto, (max-width: 1024px) 100vw, 1024px\" \/><\/figure>\n\n\n\n<figure class=\"wp-block-image size-large is-style-default\"><img loading=\"lazy\" decoding=\"async\" width=\"1024\" height=\"768\" data-id=\"10837\" src=\"https:\/\/bojornal.pt\/wp-content\/uploads\/2022\/02\/Semana-da-Empatia2-1024x768.jpg\" alt=\"\" class=\"wp-image-10837\" srcset=\"https:\/\/bojornal.pt\/wp-content\/uploads\/2022\/02\/Semana-da-Empatia2-1024x768.jpg 1024w, https:\/\/bojornal.pt\/wp-content\/uploads\/2022\/02\/Semana-da-Empatia2-300x225.jpg 300w, https:\/\/bojornal.pt\/wp-content\/uploads\/2022\/02\/Semana-da-Empatia2-150x113.jpg 150w, https:\/\/bojornal.pt\/wp-content\/uploads\/2022\/02\/Semana-da-Empatia2-768x576.jpg 768w, https:\/\/bojornal.pt\/wp-content\/uploads\/2022\/02\/Semana-da-Empatia2-1536x1152.jpg 1536w, https:\/\/bojornal.pt\/wp-content\/uploads\/2022\/02\/Semana-da-Empatia2.jpg 1600w\" sizes=\"auto, (max-width: 1024px) 100vw, 1024px\" \/><\/figure>\n\n\n\n<figure class=\"wp-block-image size-large is-style-default\"><img loading=\"lazy\" decoding=\"async\" width=\"1024\" height=\"768\" data-id=\"10839\" src=\"https:\/\/bojornal.pt\/wp-content\/uploads\/2022\/02\/Semana-da-Empatia3-1024x768.jpg\" alt=\"\" class=\"wp-image-10839\" srcset=\"https:\/\/bojornal.pt\/wp-content\/uploads\/2022\/02\/Semana-da-Empatia3-1024x768.jpg 1024w, https:\/\/bojornal.pt\/wp-content\/uploads\/2022\/02\/Semana-da-Empatia3-300x225.jpg 300w, https:\/\/bojornal.pt\/wp-content\/uploads\/2022\/02\/Semana-da-Empatia3-150x113.jpg 150w, https:\/\/bojornal.pt\/wp-content\/uploads\/2022\/02\/Semana-da-Empatia3-768x576.jpg 768w, https:\/\/bojornal.pt\/wp-content\/uploads\/2022\/02\/Semana-da-Empatia3-1536x1152.jpg 1536w, https:\/\/bojornal.pt\/wp-content\/uploads\/2022\/02\/Semana-da-Empatia3.jpg 1600w\" sizes=\"auto, (max-width: 1024px) 100vw, 1024px\" \/><\/figure>\n\n\n\n<figure class=\"wp-block-image size-large is-style-default\"><img loading=\"lazy\" decoding=\"async\" width=\"1024\" height=\"769\" data-id=\"10835\" src=\"https:\/\/bojornal.pt\/wp-content\/uploads\/2022\/02\/Semana-da-Empatia4.jpeg\" alt=\"\" class=\"wp-image-10835\" srcset=\"https:\/\/bojornal.pt\/wp-content\/uploads\/2022\/02\/Semana-da-Empatia4.jpeg 1024w, https:\/\/bojornal.pt\/wp-content\/uploads\/2022\/02\/Semana-da-Empatia4-300x225.jpeg 300w, https:\/\/bojornal.pt\/wp-content\/uploads\/2022\/02\/Semana-da-Empatia4-150x113.jpeg 150w, https:\/\/bojornal.pt\/wp-content\/uploads\/2022\/02\/Semana-da-Empatia4-768x577.jpeg 768w\" sizes=\"auto, (max-width: 1024px) 100vw, 1024px\" \/><\/figure>\n\n\n\n<figure class=\"wp-block-image size-large is-style-default\"><img loading=\"lazy\" decoding=\"async\" width=\"1024\" height=\"769\" data-id=\"10838\" src=\"https:\/\/bojornal.pt\/wp-content\/uploads\/2022\/02\/Semana-da-Empatia5-1024x769.jpg\" alt=\"\" class=\"wp-image-10838\" srcset=\"https:\/\/bojornal.pt\/wp-content\/uploads\/2022\/02\/Semana-da-Empatia5-1024x769.jpg 1024w, https:\/\/bojornal.pt\/wp-content\/uploads\/2022\/02\/Semana-da-Empatia5-300x225.jpg 300w, https:\/\/bojornal.pt\/wp-content\/uploads\/2022\/02\/Semana-da-Empatia5-150x113.jpg 150w, https:\/\/bojornal.pt\/wp-content\/uploads\/2022\/02\/Semana-da-Empatia5-768x576.jpg 768w, https:\/\/bojornal.pt\/wp-content\/uploads\/2022\/02\/Semana-da-Empatia5-1536x1153.jpg 1536w, https:\/\/bojornal.pt\/wp-content\/uploads\/2022\/02\/Semana-da-Empatia5.jpg 2048w\" sizes=\"auto, (max-width: 1024px) 100vw, 1024px\" \/><\/figure>\n<\/figure>\n\n\n\n<p>O Centro Escolar da S\u00e9 acolheu a &#8220;<em>Semana da Empatia UBUNTU<\/em>&#8220;, uma atividade sobre as compet\u00eancias socio emocionais desenvolvidas pelo Projeto UBUNTU. Este projeto, a decorrer no Agrupamento de Escolas Em\u00eddio Garcia, visa desenvolver, com os nossos alunos, valores de cidadania, empatia, lideran\u00e7a e  servi\u00e7o, promovendo uma \u00e9tica do cuidado. Esta atividade, realizada no passado dia 22 de fevereiro, contou com as turmas de 3\u00ba e 4\u00ba ano e com a preciosa colabora\u00e7\u00e3o das professoras respons\u00e1veis pela biblioteca da escola. Os alunos tiveram a oportunidade de participar, em atividades diversas, atrav\u00e9s da reflex\u00e3o da rela\u00e7\u00e3o entre empatia e simpatia. A atividade continua com a realiza\u00e7\u00e3o do guarda-chuva da empatia, no qual, cada aluno ir\u00e1 escrever uma mensagem, alusiva \u00e0 empatia, dirigida a toda a comunidade escolar.<\/p>\n\n\n\n<p><\/p>\n\n\n\n<p><\/p>\n","protected":false},"excerpt":{"rendered":"<p>O Centro Escolar da S\u00e9 acolheu a &#8220;Semana da Empatia UBUNTU&#8220;, uma atividade sobre as compet\u00eancias socio emocionais desenvolvidas pelo Projeto UBUNTU. Este projeto, a decorrer no Agrupamento de Escolas Em\u00eddio Garcia, visa desenvolver,&#46;&#46;&#46;<\/p>\n","protected":false},"author":2,"featured_media":10840,"comment_status":"closed","ping_status":"open","sticky":false,"template":"","format":"standard","meta":{"footnotes":""},"categories":[14,2,9],"tags":[],"class_list":["post-10833","post","type-post","status-publish","format-standard","has-post-thumbnail","hentry","category-1o-ciclo","category-atualidade","category-em-foco"],"_links":{"self":[{"href":"https:\/\/bojornal.pt\/index.php?rest_route=\/wp\/v2\/posts\/10833","targetHints":{"allow":["GET"]}}],"collection":[{"href":"https:\/\/bojornal.pt\/index.php?rest_route=\/wp\/v2\/posts"}],"about":[{"href":"https:\/\/bojornal.pt\/index.php?rest_route=\/wp\/v2\/types\/post"}],"author":[{"embeddable":true,"href":"https:\/\/bojornal.pt\/index.php?rest_route=\/wp\/v2\/users\/2"}],"replies":[{"embeddable":true,"href":"https:\/\/bojornal.pt\/index.php?rest_route=%2Fwp%2Fv2%2Fcomments&post=10833"}],"version-history":[{"count":0,"href":"https:\/\/bojornal.pt\/index.php?rest_route=\/wp\/v2\/posts\/10833\/revisions"}],"wp:featuredmedia":[{"embeddable":true,"href":"https:\/\/bojornal.pt\/index.php?rest_route=\/wp\/v2\/media\/10840"}],"wp:attachment":[{"href":"https:\/\/bojornal.pt\/index.php?rest_route=%2Fwp%2Fv2%2Fmedia&parent=10833"}],"wp:term":[{"taxonomy":"category","embeddable":true,"href":"https:\/\/bojornal.pt\/index.php?rest_route=%2Fwp%2Fv2%2Fcategories&post=10833"},{"taxonomy":"post_tag","embeddable":true,"href":"https:\/\/bojornal.pt\/index.php?rest_route=%2Fwp%2Fv2%2Ftags&post=10833"}],"curies":[{"name":"wp","href":"https:\/\/api.w.org\/{rel}","templated":true}]}}