{"id":10825,"date":"2022-02-18T17:27:00","date_gmt":"2022-02-18T17:27:00","guid":{"rendered":"https:\/\/bojornal.pt\/?p=10825"},"modified":"2022-02-21T17:31:55","modified_gmt":"2022-02-21T17:31:55","slug":"emidio-garcia-recebe-selo-de-escola-amiga-da-crianca","status":"publish","type":"post","link":"https:\/\/bojornal.pt\/?p=10825","title":{"rendered":"Em\u00eddio Garcia recebe selo de &#8220;Escola Amiga da Crian\u00e7a&#8221;"},"content":{"rendered":"\n<p>Com projeto <em>&#8220;O Espantalho sem cor&#8221;&#8230;<\/em><\/p>\n\n\n\n<figure class=\"wp-block-gallery has-nested-images columns-default is-cropped wp-block-gallery-1 is-layout-flex wp-block-gallery-is-layout-flex\">\n<figure class=\"wp-block-image size-large is-style-default\"><img loading=\"lazy\" decoding=\"async\" width=\"1024\" height=\"704\" data-id=\"10826\" src=\"https:\/\/bojornal.pt\/wp-content\/uploads\/2022\/02\/certificado_Espantalho-sem-cor-1024x704.jpeg\" alt=\"\" class=\"wp-image-10826\" srcset=\"https:\/\/bojornal.pt\/wp-content\/uploads\/2022\/02\/certificado_Espantalho-sem-cor-1024x704.jpeg 1024w, https:\/\/bojornal.pt\/wp-content\/uploads\/2022\/02\/certificado_Espantalho-sem-cor-300x206.jpeg 300w, https:\/\/bojornal.pt\/wp-content\/uploads\/2022\/02\/certificado_Espantalho-sem-cor-150x103.jpeg 150w, https:\/\/bojornal.pt\/wp-content\/uploads\/2022\/02\/certificado_Espantalho-sem-cor-768x528.jpeg 768w, https:\/\/bojornal.pt\/wp-content\/uploads\/2022\/02\/certificado_Espantalho-sem-cor-1536x1056.jpeg 1536w, https:\/\/bojornal.pt\/wp-content\/uploads\/2022\/02\/certificado_Espantalho-sem-cor.jpeg 1887w\" sizes=\"auto, (max-width: 1024px) 100vw, 1024px\" \/><\/figure>\n\n\n\n<figure class=\"wp-block-image size-large is-style-default\"><img loading=\"lazy\" decoding=\"async\" width=\"1024\" height=\"768\" data-id=\"10827\" src=\"https:\/\/bojornal.pt\/wp-content\/uploads\/2022\/02\/Espantalho-sem-cor-1024x768.jpg\" alt=\"\" class=\"wp-image-10827\" srcset=\"https:\/\/bojornal.pt\/wp-content\/uploads\/2022\/02\/Espantalho-sem-cor-1024x768.jpg 1024w, https:\/\/bojornal.pt\/wp-content\/uploads\/2022\/02\/Espantalho-sem-cor-300x225.jpg 300w, https:\/\/bojornal.pt\/wp-content\/uploads\/2022\/02\/Espantalho-sem-cor-150x112.jpg 150w, https:\/\/bojornal.pt\/wp-content\/uploads\/2022\/02\/Espantalho-sem-cor-768x576.jpg 768w, https:\/\/bojornal.pt\/wp-content\/uploads\/2022\/02\/Espantalho-sem-cor.jpg 1175w\" sizes=\"auto, (max-width: 1024px) 100vw, 1024px\" \/><\/figure>\n\n\n\n<figure class=\"wp-block-image size-large is-style-default\"><img loading=\"lazy\" decoding=\"async\" width=\"1024\" height=\"768\" data-id=\"10829\" src=\"https:\/\/bojornal.pt\/wp-content\/uploads\/2022\/02\/Espantalho-sem-cor1-1024x768.jpg\" alt=\"\" class=\"wp-image-10829\" srcset=\"https:\/\/bojornal.pt\/wp-content\/uploads\/2022\/02\/Espantalho-sem-cor1-1024x768.jpg 1024w, https:\/\/bojornal.pt\/wp-content\/uploads\/2022\/02\/Espantalho-sem-cor1-300x225.jpg 300w, https:\/\/bojornal.pt\/wp-content\/uploads\/2022\/02\/Espantalho-sem-cor1-150x112.jpg 150w, https:\/\/bojornal.pt\/wp-content\/uploads\/2022\/02\/Espantalho-sem-cor1-768x576.jpg 768w, https:\/\/bojornal.pt\/wp-content\/uploads\/2022\/02\/Espantalho-sem-cor1.jpg 1099w\" sizes=\"auto, (max-width: 1024px) 100vw, 1024px\" \/><\/figure>\n\n\n\n<figure class=\"wp-block-image size-large is-style-default\"><img loading=\"lazy\" decoding=\"async\" width=\"750\" height=\"370\" data-id=\"10828\" src=\"https:\/\/bojornal.pt\/wp-content\/uploads\/2022\/02\/espantalho_sem_cor_1-1.jpg\" alt=\"\" class=\"wp-image-10828\" srcset=\"https:\/\/bojornal.pt\/wp-content\/uploads\/2022\/02\/espantalho_sem_cor_1-1.jpg 750w, https:\/\/bojornal.pt\/wp-content\/uploads\/2022\/02\/espantalho_sem_cor_1-1-300x148.jpg 300w, https:\/\/bojornal.pt\/wp-content\/uploads\/2022\/02\/espantalho_sem_cor_1-1-150x74.jpg 150w\" sizes=\"auto, (max-width: 750px) 100vw, 750px\" \/><\/figure>\n<\/figure>\n\n\n\n<p>O Agrupamento de Escolas Em\u00eddio Garcia foi distinguido com o selo Escola Amiga da Crian\u00e7a, atrav\u00e9s do projeto \u201c<em>O Espantalho Sem Cor<\/em>\u201d, numa iniciativa promovida pela Confedera\u00e7\u00e3o Nacional das Associa\u00e7\u00f5es de Pais (CONFAP), da LeYa e do psic\u00f3logo Eduardo S\u00e1.<\/p>\n\n\n\n<p>O trabalho resultou das atividades realizadas nas aulas de \u00e1rea de express\u00f5es do Curso de Anima\u00e7\u00e3o Sociocultural, do liceu de Bragan\u00e7a. Al\u00e9m dos alunos dos cursos profissionais, estre projeto envolveu crian\u00e7as de diversas escolas do pr\u00e9-escolar e do primeiro ciclo e dos utentes de 11 institui\u00e7\u00f5es de Solidariedade Social. Com o objetivo de promover a criatividade dos mais novos, numa \u00e9poca marcada pelas restri\u00e7\u00f5es da pandemia, os trabalhos finais resultaram numa exposi\u00e7\u00e3o acolhida pelo Mercado Municipal de Bragan\u00e7a. Apesar desta iniciativa se ter desenvolvido no ano letivo transato tem continuidade. Esta atividade que envolveu centenas de pessoas valeu ao nosso agrupamento a distin\u00e7\u00e3o com o selo Escola Amiga da Crian\u00e7a.<\/p>\n\n\n\n<p>Parab\u00e9ns a todos os participantes!<\/p>\n","protected":false},"excerpt":{"rendered":"<p>Com projeto &#8220;O Espantalho sem cor&#8221;&#8230; O Agrupamento de Escolas Em\u00eddio Garcia foi distinguido com o selo Escola Amiga da Crian\u00e7a, atrav\u00e9s do projeto \u201cO Espantalho Sem Cor\u201d, numa iniciativa promovida pela Confedera\u00e7\u00e3o Nacional&#46;&#46;&#46;<\/p>\n","protected":false},"author":2,"featured_media":10826,"comment_status":"closed","ping_status":"open","sticky":false,"template":"","format":"standard","meta":{"footnotes":""},"categories":[14,2,9,13,16],"tags":[],"class_list":["post-10825","post","type-post","status-publish","format-standard","has-post-thumbnail","hentry","category-1o-ciclo","category-atualidade","category-em-foco","category-escola-paulo-quintela","category-escola-secundaria-emidio-garcia"],"_links":{"self":[{"href":"https:\/\/bojornal.pt\/index.php?rest_route=\/wp\/v2\/posts\/10825","targetHints":{"allow":["GET"]}}],"collection":[{"href":"https:\/\/bojornal.pt\/index.php?rest_route=\/wp\/v2\/posts"}],"about":[{"href":"https:\/\/bojornal.pt\/index.php?rest_route=\/wp\/v2\/types\/post"}],"author":[{"embeddable":true,"href":"https:\/\/bojornal.pt\/index.php?rest_route=\/wp\/v2\/users\/2"}],"replies":[{"embeddable":true,"href":"https:\/\/bojornal.pt\/index.php?rest_route=%2Fwp%2Fv2%2Fcomments&post=10825"}],"version-history":[{"count":0,"href":"https:\/\/bojornal.pt\/index.php?rest_route=\/wp\/v2\/posts\/10825\/revisions"}],"wp:featuredmedia":[{"embeddable":true,"href":"https:\/\/bojornal.pt\/index.php?rest_route=\/wp\/v2\/media\/10826"}],"wp:attachment":[{"href":"https:\/\/bojornal.pt\/index.php?rest_route=%2Fwp%2Fv2%2Fmedia&parent=10825"}],"wp:term":[{"taxonomy":"category","embeddable":true,"href":"https:\/\/bojornal.pt\/index.php?rest_route=%2Fwp%2Fv2%2Fcategories&post=10825"},{"taxonomy":"post_tag","embeddable":true,"href":"https:\/\/bojornal.pt\/index.php?rest_route=%2Fwp%2Fv2%2Ftags&post=10825"}],"curies":[{"name":"wp","href":"https:\/\/api.w.org\/{rel}","templated":true}]}}