{"id":10800,"date":"2022-02-17T17:48:03","date_gmt":"2022-02-17T17:48:03","guid":{"rendered":"https:\/\/bojornal.pt\/?p=10800"},"modified":"2022-02-17T17:58:30","modified_gmt":"2022-02-17T17:58:30","slug":"alunos-das-beatas-visitam-radio-brigantia","status":"publish","type":"post","link":"https:\/\/bojornal.pt\/?p=10800","title":{"rendered":"Alunos das Beatas visitam R\u00e1dio Brigantia"},"content":{"rendered":"\n<figure class=\"wp-block-gallery has-nested-images columns-default is-cropped wp-block-gallery-1 is-layout-flex wp-block-gallery-is-layout-flex\">\n<figure class=\"wp-block-image size-large is-style-default\"><img loading=\"lazy\" decoding=\"async\" width=\"960\" height=\"720\" data-id=\"10805\" src=\"https:\/\/bojornal.pt\/wp-content\/uploads\/2022\/02\/273570314_295980015853858_4224933439177695983_n.jpg\" alt=\"\" class=\"wp-image-10805\" srcset=\"https:\/\/bojornal.pt\/wp-content\/uploads\/2022\/02\/273570314_295980015853858_4224933439177695983_n.jpg 960w, https:\/\/bojornal.pt\/wp-content\/uploads\/2022\/02\/273570314_295980015853858_4224933439177695983_n-300x225.jpg 300w, https:\/\/bojornal.pt\/wp-content\/uploads\/2022\/02\/273570314_295980015853858_4224933439177695983_n-150x113.jpg 150w, https:\/\/bojornal.pt\/wp-content\/uploads\/2022\/02\/273570314_295980015853858_4224933439177695983_n-768x576.jpg 768w\" sizes=\"auto, (max-width: 960px) 100vw, 960px\" \/><\/figure>\n\n\n\n<figure class=\"wp-block-image size-large is-style-default\"><img loading=\"lazy\" decoding=\"async\" width=\"720\" height=\"960\" data-id=\"10801\" src=\"https:\/\/bojornal.pt\/wp-content\/uploads\/2022\/02\/273745594_669037704289054_4826086061527704466_n.jpg\" alt=\"\" class=\"wp-image-10801\" srcset=\"https:\/\/bojornal.pt\/wp-content\/uploads\/2022\/02\/273745594_669037704289054_4826086061527704466_n.jpg 720w, https:\/\/bojornal.pt\/wp-content\/uploads\/2022\/02\/273745594_669037704289054_4826086061527704466_n-225x300.jpg 225w, https:\/\/bojornal.pt\/wp-content\/uploads\/2022\/02\/273745594_669037704289054_4826086061527704466_n-113x150.jpg 113w\" sizes=\"auto, (max-width: 720px) 100vw, 720px\" \/><\/figure>\n\n\n\n<figure class=\"wp-block-image size-large is-style-default\"><img loading=\"lazy\" decoding=\"async\" width=\"960\" height=\"720\" data-id=\"10802\" src=\"https:\/\/bojornal.pt\/wp-content\/uploads\/2022\/02\/274013108_392335992695900_2955660036449248993_n.jpg\" alt=\"\" class=\"wp-image-10802\" srcset=\"https:\/\/bojornal.pt\/wp-content\/uploads\/2022\/02\/274013108_392335992695900_2955660036449248993_n.jpg 960w, https:\/\/bojornal.pt\/wp-content\/uploads\/2022\/02\/274013108_392335992695900_2955660036449248993_n-300x225.jpg 300w, https:\/\/bojornal.pt\/wp-content\/uploads\/2022\/02\/274013108_392335992695900_2955660036449248993_n-150x113.jpg 150w, https:\/\/bojornal.pt\/wp-content\/uploads\/2022\/02\/274013108_392335992695900_2955660036449248993_n-768x576.jpg 768w\" sizes=\"auto, (max-width: 960px) 100vw, 960px\" \/><\/figure>\n\n\n\n<figure class=\"wp-block-image size-large is-style-default\"><img loading=\"lazy\" decoding=\"async\" width=\"960\" height=\"720\" data-id=\"10804\" src=\"https:\/\/bojornal.pt\/wp-content\/uploads\/2022\/02\/274111401_732612280992393_1616413669835814377_n.jpg\" alt=\"\" class=\"wp-image-10804\" srcset=\"https:\/\/bojornal.pt\/wp-content\/uploads\/2022\/02\/274111401_732612280992393_1616413669835814377_n.jpg 960w, https:\/\/bojornal.pt\/wp-content\/uploads\/2022\/02\/274111401_732612280992393_1616413669835814377_n-300x225.jpg 300w, https:\/\/bojornal.pt\/wp-content\/uploads\/2022\/02\/274111401_732612280992393_1616413669835814377_n-150x113.jpg 150w, https:\/\/bojornal.pt\/wp-content\/uploads\/2022\/02\/274111401_732612280992393_1616413669835814377_n-768x576.jpg 768w\" sizes=\"auto, (max-width: 960px) 100vw, 960px\" \/><\/figure>\n<\/figure>\n\n\n\n<p>Os alunos de segundo ano da Escola das Beatas assinalaram o Dia Mundial da R\u00e1dio, com uma visita \u00e0 R\u00e1dio Brigantia. No passado dia 14 de fevereiro, imbu\u00eddos de enorme curiosidade,  os nossos alunos tiveram a oportunidade de um contacto mais pr\u00f3ximo com o fen\u00f3meno da r\u00e1dio. Quem sabe se, neste grupo, n\u00e3o teremos alguns futuros jornalistas&#8230;<\/p>\n","protected":false},"excerpt":{"rendered":"<p>Os alunos de segundo ano da Escola das Beatas assinalaram o Dia Mundial da R\u00e1dio, com uma visita \u00e0 R\u00e1dio Brigantia. No passado dia 14 de fevereiro, imbu\u00eddos de enorme curiosidade, os nossos alunos&#46;&#46;&#46;<\/p>\n","protected":false},"author":2,"featured_media":10806,"comment_status":"closed","ping_status":"open","sticky":false,"template":"","format":"standard","meta":{"footnotes":""},"categories":[14,2,9],"tags":[],"class_list":["post-10800","post","type-post","status-publish","format-standard","has-post-thumbnail","hentry","category-1o-ciclo","category-atualidade","category-em-foco"],"_links":{"self":[{"href":"https:\/\/bojornal.pt\/index.php?rest_route=\/wp\/v2\/posts\/10800","targetHints":{"allow":["GET"]}}],"collection":[{"href":"https:\/\/bojornal.pt\/index.php?rest_route=\/wp\/v2\/posts"}],"about":[{"href":"https:\/\/bojornal.pt\/index.php?rest_route=\/wp\/v2\/types\/post"}],"author":[{"embeddable":true,"href":"https:\/\/bojornal.pt\/index.php?rest_route=\/wp\/v2\/users\/2"}],"replies":[{"embeddable":true,"href":"https:\/\/bojornal.pt\/index.php?rest_route=%2Fwp%2Fv2%2Fcomments&post=10800"}],"version-history":[{"count":0,"href":"https:\/\/bojornal.pt\/index.php?rest_route=\/wp\/v2\/posts\/10800\/revisions"}],"wp:featuredmedia":[{"embeddable":true,"href":"https:\/\/bojornal.pt\/index.php?rest_route=\/wp\/v2\/media\/10806"}],"wp:attachment":[{"href":"https:\/\/bojornal.pt\/index.php?rest_route=%2Fwp%2Fv2%2Fmedia&parent=10800"}],"wp:term":[{"taxonomy":"category","embeddable":true,"href":"https:\/\/bojornal.pt\/index.php?rest_route=%2Fwp%2Fv2%2Fcategories&post=10800"},{"taxonomy":"post_tag","embeddable":true,"href":"https:\/\/bojornal.pt\/index.php?rest_route=%2Fwp%2Fv2%2Ftags&post=10800"}],"curies":[{"name":"wp","href":"https:\/\/api.w.org\/{rel}","templated":true}]}}