{"id":10797,"date":"2022-02-14T16:33:09","date_gmt":"2022-02-14T16:33:09","guid":{"rendered":"https:\/\/bojornal.pt\/?p=10797"},"modified":"2022-02-14T16:33:10","modified_gmt":"2022-02-14T16:33:10","slug":"alunos-assinalam-dia-de-s-valentim","status":"publish","type":"post","link":"https:\/\/bojornal.pt\/?p=10797","title":{"rendered":"Alunos assinalam &#8220;Dia de S: Valentim&#8221;"},"content":{"rendered":"\n<p>Para assinalar o \u201cDia de S. Valentim\u201d, os alunos editaram v\u00eddeos&nbsp;ilustrativos sobre a promo\u00e7\u00e3o da igualdade de g\u00e9nero(s) nas rela\u00e7\u00f5es de namoro e sobre a problem\u00e1tica da viol\u00eancia no namoro.&nbsp;<\/p>\n\n\n\n<p>O intuito dos v\u00eddeos \u00e9 demonstrar que, apesar de no dia 14 de fevereiro se celebrar a uni\u00e3o amorosa entre namorados, na pr\u00e1tica nem sempre o sentimento do amor \u00e9 preservado, n\u00e3o se respeitando a autonomia, dignidade, liberdade do outro \u2013 igualdade de g\u00e9nero(s), ocorrendo situa\u00e7\u00f5es de viol\u00eancia no namoro. Para assistir aos trabalhos dos alunos, pode faz\u00ea-lo atrav\u00e9s deste link: <a href=\"http:\/\/aeemidiogarcia.pt\/14-fevereiro-dia-de-s-valentim\/\">14 fevereiro \u2013 Dia de S. Valentim \u2013 Agrupamento Escolas Em\u00eddio Garcia (aeemidiogarcia.pt)<\/a><\/p>\n\n\n\n<figure class=\"wp-block-image size-full is-style-default\"><img loading=\"lazy\" decoding=\"async\" width=\"887\" height=\"505\" src=\"https:\/\/bojornal.pt\/wp-content\/uploads\/2022\/02\/Dia-de-S.Valentim.jpg\" alt=\"\" class=\"wp-image-10798\" srcset=\"https:\/\/bojornal.pt\/wp-content\/uploads\/2022\/02\/Dia-de-S.Valentim.jpg 887w, https:\/\/bojornal.pt\/wp-content\/uploads\/2022\/02\/Dia-de-S.Valentim-300x171.jpg 300w, https:\/\/bojornal.pt\/wp-content\/uploads\/2022\/02\/Dia-de-S.Valentim-150x85.jpg 150w, https:\/\/bojornal.pt\/wp-content\/uploads\/2022\/02\/Dia-de-S.Valentim-768x437.jpg 768w\" sizes=\"auto, (max-width: 887px) 100vw, 887px\" \/><\/figure>\n","protected":false},"excerpt":{"rendered":"<p>Para assinalar o \u201cDia de S. Valentim\u201d, os alunos editaram v\u00eddeos&nbsp;ilustrativos sobre a promo\u00e7\u00e3o da igualdade de g\u00e9nero(s) nas rela\u00e7\u00f5es de namoro e sobre a problem\u00e1tica da viol\u00eancia no namoro.&nbsp; O intuito dos v\u00eddeos&#46;&#46;&#46;<\/p>\n","protected":false},"author":2,"featured_media":10798,"comment_status":"closed","ping_status":"open","sticky":false,"template":"","format":"standard","meta":{"footnotes":""},"categories":[2,9,16],"tags":[],"class_list":["post-10797","post","type-post","status-publish","format-standard","has-post-thumbnail","hentry","category-atualidade","category-em-foco","category-escola-secundaria-emidio-garcia"],"_links":{"self":[{"href":"https:\/\/bojornal.pt\/index.php?rest_route=\/wp\/v2\/posts\/10797","targetHints":{"allow":["GET"]}}],"collection":[{"href":"https:\/\/bojornal.pt\/index.php?rest_route=\/wp\/v2\/posts"}],"about":[{"href":"https:\/\/bojornal.pt\/index.php?rest_route=\/wp\/v2\/types\/post"}],"author":[{"embeddable":true,"href":"https:\/\/bojornal.pt\/index.php?rest_route=\/wp\/v2\/users\/2"}],"replies":[{"embeddable":true,"href":"https:\/\/bojornal.pt\/index.php?rest_route=%2Fwp%2Fv2%2Fcomments&post=10797"}],"version-history":[{"count":0,"href":"https:\/\/bojornal.pt\/index.php?rest_route=\/wp\/v2\/posts\/10797\/revisions"}],"wp:featuredmedia":[{"embeddable":true,"href":"https:\/\/bojornal.pt\/index.php?rest_route=\/wp\/v2\/media\/10798"}],"wp:attachment":[{"href":"https:\/\/bojornal.pt\/index.php?rest_route=%2Fwp%2Fv2%2Fmedia&parent=10797"}],"wp:term":[{"taxonomy":"category","embeddable":true,"href":"https:\/\/bojornal.pt\/index.php?rest_route=%2Fwp%2Fv2%2Fcategories&post=10797"},{"taxonomy":"post_tag","embeddable":true,"href":"https:\/\/bojornal.pt\/index.php?rest_route=%2Fwp%2Fv2%2Ftags&post=10797"}],"curies":[{"name":"wp","href":"https:\/\/api.w.org\/{rel}","templated":true}]}}