{"id":10783,"date":"2022-02-14T11:34:31","date_gmt":"2022-02-14T11:34:31","guid":{"rendered":"https:\/\/bojornal.pt\/?p=10783"},"modified":"2022-02-14T11:35:07","modified_gmt":"2022-02-14T11:35:07","slug":"ruo-ao-ensino-superior-inspiring-future","status":"publish","type":"post","link":"https:\/\/bojornal.pt\/?p=10783","title":{"rendered":"Rumo ao Ensino Superior&#8230; Com Inspiring Future"},"content":{"rendered":"\n<div class=\"wp-block-columns is-layout-flex wp-container-core-columns-is-layout-9d6595d7 wp-block-columns-is-layout-flex\">\n<div class=\"wp-block-column is-layout-flow wp-block-column-is-layout-flow\" style=\"flex-basis:100%\">\n<div class=\"wp-block-group\"><div class=\"wp-block-group__inner-container is-layout-flow wp-block-group-is-layout-flow\">\n<figure class=\"wp-block-gallery has-nested-images columns-default is-cropped wp-block-gallery-1 is-layout-flex wp-block-gallery-is-layout-flex\">\n<figure class=\"wp-block-image size-large is-style-default\"><img loading=\"lazy\" decoding=\"async\" width=\"2560\" height=\"1920\" data-id=\"10792\" src=\"http:\/\/bojornal.pt\/wp-content\/uploads\/2022\/02\/Inspiring-Future-2-scaled.jpg\" alt=\"\" class=\"wp-image-10792\" srcset=\"https:\/\/bojornal.pt\/wp-content\/uploads\/2022\/02\/Inspiring-Future-2-scaled.jpg 2560w, https:\/\/bojornal.pt\/wp-content\/uploads\/2022\/02\/Inspiring-Future-2-300x225.jpg 300w, https:\/\/bojornal.pt\/wp-content\/uploads\/2022\/02\/Inspiring-Future-2-1024x768.jpg 1024w, https:\/\/bojornal.pt\/wp-content\/uploads\/2022\/02\/Inspiring-Future-2-150x113.jpg 150w, https:\/\/bojornal.pt\/wp-content\/uploads\/2022\/02\/Inspiring-Future-2-768x576.jpg 768w, https:\/\/bojornal.pt\/wp-content\/uploads\/2022\/02\/Inspiring-Future-2-1536x1152.jpg 1536w, https:\/\/bojornal.pt\/wp-content\/uploads\/2022\/02\/Inspiring-Future-2-2048x1536.jpg 2048w\" sizes=\"auto, (max-width: 2560px) 100vw, 2560px\" \/><\/figure>\n\n\n\n<figure class=\"wp-block-image size-large is-style-default\"><img loading=\"lazy\" decoding=\"async\" width=\"2560\" height=\"1920\" data-id=\"10793\" src=\"http:\/\/bojornal.pt\/wp-content\/uploads\/2022\/02\/Inspiring-Future-1-7-scaled.jpg\" alt=\"\" class=\"wp-image-10793\" srcset=\"https:\/\/bojornal.pt\/wp-content\/uploads\/2022\/02\/Inspiring-Future-1-7-scaled.jpg 2560w, https:\/\/bojornal.pt\/wp-content\/uploads\/2022\/02\/Inspiring-Future-1-7-300x225.jpg 300w, https:\/\/bojornal.pt\/wp-content\/uploads\/2022\/02\/Inspiring-Future-1-7-1024x768.jpg 1024w, https:\/\/bojornal.pt\/wp-content\/uploads\/2022\/02\/Inspiring-Future-1-7-150x113.jpg 150w, https:\/\/bojornal.pt\/wp-content\/uploads\/2022\/02\/Inspiring-Future-1-7-768x576.jpg 768w, https:\/\/bojornal.pt\/wp-content\/uploads\/2022\/02\/Inspiring-Future-1-7-1536x1152.jpg 1536w, https:\/\/bojornal.pt\/wp-content\/uploads\/2022\/02\/Inspiring-Future-1-7-2048x1536.jpg 2048w\" sizes=\"auto, (max-width: 2560px) 100vw, 2560px\" \/><\/figure>\n\n\n\n<figure class=\"wp-block-image size-large is-style-default\"><img loading=\"lazy\" decoding=\"async\" width=\"2560\" height=\"1920\" data-id=\"10784\" src=\"http:\/\/bojornal.pt\/wp-content\/uploads\/2022\/02\/Inspiring-Future-3-scaled.jpg\" alt=\"\" class=\"wp-image-10784\" srcset=\"https:\/\/bojornal.pt\/wp-content\/uploads\/2022\/02\/Inspiring-Future-3-scaled.jpg 2560w, https:\/\/bojornal.pt\/wp-content\/uploads\/2022\/02\/Inspiring-Future-3-300x225.jpg 300w, https:\/\/bojornal.pt\/wp-content\/uploads\/2022\/02\/Inspiring-Future-3-1024x768.jpg 1024w, https:\/\/bojornal.pt\/wp-content\/uploads\/2022\/02\/Inspiring-Future-3-150x113.jpg 150w, https:\/\/bojornal.pt\/wp-content\/uploads\/2022\/02\/Inspiring-Future-3-768x576.jpg 768w, https:\/\/bojornal.pt\/wp-content\/uploads\/2022\/02\/Inspiring-Future-3-1536x1152.jpg 1536w, https:\/\/bojornal.pt\/wp-content\/uploads\/2022\/02\/Inspiring-Future-3-2048x1536.jpg 2048w\" sizes=\"auto, (max-width: 2560px) 100vw, 2560px\" \/><\/figure>\n<\/figure>\n<\/div><\/div>\n<\/div>\n<\/div>\n\n\n\n<p>Com o segundo per\u00edodo a decorrer, os alunos finalistas tiveram a oportunidade de come\u00e7ar a preparar o seu ingresso no Ensino Superior, atrav\u00e9s da atividade: <em>Inspiring Future<\/em>. Nesta segunda-feira, 14 de fevereiro, os alunos de 12\u00baano do Liceu, atrav\u00e9s de diversas iniciativas, contactaram com todo o processo de candidatura e com algumas das institui\u00e7\u00f5es do ensino superior que se deslocaram \u00e0 nosso escola para um melhor esclarecimento dos alunos, no seu discernimento acad\u00e9mico.<\/p>\n\n\n\n<p> <\/p>\n","protected":false},"excerpt":{"rendered":"<p>Com o segundo per\u00edodo a decorrer, os alunos finalistas tiveram a oportunidade de come\u00e7ar a preparar o seu ingresso no Ensino Superior, atrav\u00e9s da atividade: Inspiring Future. Nesta segunda-feira, 14 de fevereiro, os alunos&#46;&#46;&#46;<\/p>\n","protected":false},"author":2,"featured_media":10792,"comment_status":"closed","ping_status":"open","sticky":false,"template":"","format":"standard","meta":{"footnotes":""},"categories":[2,9,16],"tags":[],"class_list":["post-10783","post","type-post","status-publish","format-standard","has-post-thumbnail","hentry","category-atualidade","category-em-foco","category-escola-secundaria-emidio-garcia"],"_links":{"self":[{"href":"https:\/\/bojornal.pt\/index.php?rest_route=\/wp\/v2\/posts\/10783","targetHints":{"allow":["GET"]}}],"collection":[{"href":"https:\/\/bojornal.pt\/index.php?rest_route=\/wp\/v2\/posts"}],"about":[{"href":"https:\/\/bojornal.pt\/index.php?rest_route=\/wp\/v2\/types\/post"}],"author":[{"embeddable":true,"href":"https:\/\/bojornal.pt\/index.php?rest_route=\/wp\/v2\/users\/2"}],"replies":[{"embeddable":true,"href":"https:\/\/bojornal.pt\/index.php?rest_route=%2Fwp%2Fv2%2Fcomments&post=10783"}],"version-history":[{"count":0,"href":"https:\/\/bojornal.pt\/index.php?rest_route=\/wp\/v2\/posts\/10783\/revisions"}],"wp:featuredmedia":[{"embeddable":true,"href":"https:\/\/bojornal.pt\/index.php?rest_route=\/wp\/v2\/media\/10792"}],"wp:attachment":[{"href":"https:\/\/bojornal.pt\/index.php?rest_route=%2Fwp%2Fv2%2Fmedia&parent=10783"}],"wp:term":[{"taxonomy":"category","embeddable":true,"href":"https:\/\/bojornal.pt\/index.php?rest_route=%2Fwp%2Fv2%2Fcategories&post=10783"},{"taxonomy":"post_tag","embeddable":true,"href":"https:\/\/bojornal.pt\/index.php?rest_route=%2Fwp%2Fv2%2Ftags&post=10783"}],"curies":[{"name":"wp","href":"https:\/\/api.w.org\/{rel}","templated":true}]}}