{"id":10716,"date":"2021-12-31T23:02:00","date_gmt":"2021-12-31T23:02:00","guid":{"rendered":"https:\/\/bojornal.pt\/?p=10716"},"modified":"2022-01-31T21:09:47","modified_gmt":"2022-01-31T21:09:47","slug":"recomeca","status":"publish","type":"post","link":"https:\/\/bojornal.pt\/?p=10716","title":{"rendered":"Recome\u00e7a"},"content":{"rendered":"\n<figure class=\"wp-block-image size-large is-style-default\"><a href=\"https:\/\/bojornal.pt\/wp-content\/uploads\/2021\/12\/feliz-ano.png\"><img loading=\"lazy\" decoding=\"async\" width=\"1024\" height=\"512\" src=\"https:\/\/bojornal.pt\/wp-content\/uploads\/2021\/12\/feliz-ano-1024x512.png\" alt=\"\" class=\"wp-image-10717\" srcset=\"https:\/\/bojornal.pt\/wp-content\/uploads\/2021\/12\/feliz-ano-1024x512.png 1024w, https:\/\/bojornal.pt\/wp-content\/uploads\/2021\/12\/feliz-ano-300x150.png 300w, https:\/\/bojornal.pt\/wp-content\/uploads\/2021\/12\/feliz-ano-768x384.png 768w, https:\/\/bojornal.pt\/wp-content\/uploads\/2021\/12\/feliz-ano-1536x768.png 1536w, https:\/\/bojornal.pt\/wp-content\/uploads\/2021\/12\/feliz-ano-2048x1024.png 2048w\" sizes=\"auto, (max-width: 1024px) 100vw, 1024px\" \/><\/a><\/figure>\n\n\n\n<p>Recome\u00e7a&#8230;<\/p>\n\n\n\n<p>Se puderes<\/p>\n\n\n\n<p>Sem ang\u00fastia<\/p>\n\n\n\n<p>E sem pressa.<\/p>\n\n\n\n<p>E os passos que deres,<\/p>\n\n\n\n<p>Nesse caminho duro<\/p>\n\n\n\n<p>Do futuro<\/p>\n\n\n\n<p>D\u00e1-os em liberdade.<\/p>\n\n\n\n<p>Enquanto n\u00e3o alcances<\/p>\n\n\n\n<p>N\u00e3o descanses.<\/p>\n\n\n\n<p>De nenhum fruto queiras s\u00f3 metade.<\/p>\n\n\n\n<p><br \/>E, nunca saciado,<\/p>\n\n\n\n<p>Vai colhendo ilus\u00f5es sucessivas no pomar.<\/p>\n\n\n\n<p>Sempre a sonhar e vendo<\/p>\n\n\n\n<p>O logro da aventura.<\/p>\n\n\n\n<p>\u00c9s homem, n\u00e3o te esque\u00e7as!<\/p>\n\n\n\n<p>S\u00f3 \u00e9 tua a loucura<\/p>\n\n\n\n<p>Onde, com lucidez, te reconhe\u00e7as\u2026<\/p>\n\n\n\n<p class=\"has-text-align-right\"><em>Miguel Torga<\/em><\/p>\n","protected":false},"excerpt":{"rendered":"<p>Recome\u00e7a&#8230; Se puderes Sem ang\u00fastia E sem pressa. E os passos que deres, Nesse caminho duro Do futuro D\u00e1-os em liberdade. Enquanto n\u00e3o alcances N\u00e3o descanses. De nenhum fruto queiras s\u00f3 metade. E, nunca&#46;&#46;&#46;<\/p>\n","protected":false},"author":2,"featured_media":10717,"comment_status":"closed","ping_status":"open","sticky":false,"template":"","format":"standard","meta":{"footnotes":""},"categories":[19],"tags":[],"class_list":["post-10716","post","type-post","status-publish","format-standard","has-post-thumbnail","hentry","category-intertextualidades"],"_links":{"self":[{"href":"https:\/\/bojornal.pt\/index.php?rest_route=\/wp\/v2\/posts\/10716","targetHints":{"allow":["GET"]}}],"collection":[{"href":"https:\/\/bojornal.pt\/index.php?rest_route=\/wp\/v2\/posts"}],"about":[{"href":"https:\/\/bojornal.pt\/index.php?rest_route=\/wp\/v2\/types\/post"}],"author":[{"embeddable":true,"href":"https:\/\/bojornal.pt\/index.php?rest_route=\/wp\/v2\/users\/2"}],"replies":[{"embeddable":true,"href":"https:\/\/bojornal.pt\/index.php?rest_route=%2Fwp%2Fv2%2Fcomments&post=10716"}],"version-history":[{"count":0,"href":"https:\/\/bojornal.pt\/index.php?rest_route=\/wp\/v2\/posts\/10716\/revisions"}],"wp:featuredmedia":[{"embeddable":true,"href":"https:\/\/bojornal.pt\/index.php?rest_route=\/wp\/v2\/media\/10717"}],"wp:attachment":[{"href":"https:\/\/bojornal.pt\/index.php?rest_route=%2Fwp%2Fv2%2Fmedia&parent=10716"}],"wp:term":[{"taxonomy":"category","embeddable":true,"href":"https:\/\/bojornal.pt\/index.php?rest_route=%2Fwp%2Fv2%2Fcategories&post=10716"},{"taxonomy":"post_tag","embeddable":true,"href":"https:\/\/bojornal.pt\/index.php?rest_route=%2Fwp%2Fv2%2Ftags&post=10716"}],"curies":[{"name":"wp","href":"https:\/\/api.w.org\/{rel}","templated":true}]}}