{"id":10708,"date":"2021-12-23T09:28:00","date_gmt":"2021-12-23T09:28:00","guid":{"rendered":"https:\/\/bojornal.pt\/?p=10708"},"modified":"2021-12-22T12:03:53","modified_gmt":"2021-12-22T12:03:53","slug":"feliz-natal","status":"publish","type":"post","link":"https:\/\/bojornal.pt\/?p=10708","title":{"rendered":"Feliz Natal"},"content":{"rendered":"\n<p><strong>NATAL\u00a0<\/strong><\/p>\n\n\n\n<p>\u00abFiel das horas mortas&nbsp;<\/p>\n\n\n\n<p>Desta noite comprida,&nbsp;<\/p>\n\n\n\n<p>Pergunto a cada sombra recolhida&nbsp;<\/p>\n\n\n\n<p>Que sol figura o lume&nbsp;<\/p>\n\n\n\n<p>Que da lareira negra me sorri:&nbsp;<\/p>\n\n\n\n<p>O do calor crist\u00e3o?&nbsp;<\/p>\n\n\n\n<p>O do calor pag\u00e3o?&nbsp;<\/p>\n\n\n\n<p>Ou a fogueira \u00e9 s\u00f3 a combust\u00e3o&nbsp;<\/p>\n\n\n\n<p>Da lenha que acendi?&nbsp;<\/p>\n\n\n\n<p>Pres\u00e9pios, solst\u00edcios, divindades\u2026&nbsp;<\/p>\n\n\n\n<p>A vers\u00e1til natureza&nbsp;&nbsp;<\/p>\n\n\n\n<p>Do homem, senhor de tudo!&nbsp;<\/p>\n\n\n\n<p>Cria mitos,&nbsp;<\/p>\n\n\n\n<p>Destr\u00f3i mitos,&nbsp;<\/p>\n\n\n\n<p>Nega os milagres que fez,&nbsp;<\/p>\n\n\n\n<p>E depois, desesperado,&nbsp;<\/p>\n\n\n\n<p>Procura o mundo sagrado&nbsp;<\/p>\n\n\n\n<p>Nas cinzas da lucidez.\u00bb\u00a0<\/p>\n\n\n\n<p class=\"has-text-align-right\">Miguel Torga &#8211; <em>Natal<\/em><\/p>\n","protected":false},"excerpt":{"rendered":"<p>NATAL\u00a0 \u00abFiel das horas mortas&nbsp; Desta noite comprida,&nbsp; Pergunto a cada sombra recolhida&nbsp; Que sol figura o lume&nbsp; Que da lareira negra me sorri:&nbsp; O do calor crist\u00e3o?&nbsp; O do calor pag\u00e3o?&nbsp; Ou a&#46;&#46;&#46;<\/p>\n","protected":false},"author":2,"featured_media":10709,"comment_status":"closed","ping_status":"open","sticky":false,"template":"","format":"image","meta":{"footnotes":""},"categories":[2,9,19],"tags":[],"class_list":["post-10708","post","type-post","status-publish","format-image","has-post-thumbnail","hentry","category-atualidade","category-em-foco","category-intertextualidades","post_format-post-format-image"],"_links":{"self":[{"href":"https:\/\/bojornal.pt\/index.php?rest_route=\/wp\/v2\/posts\/10708","targetHints":{"allow":["GET"]}}],"collection":[{"href":"https:\/\/bojornal.pt\/index.php?rest_route=\/wp\/v2\/posts"}],"about":[{"href":"https:\/\/bojornal.pt\/index.php?rest_route=\/wp\/v2\/types\/post"}],"author":[{"embeddable":true,"href":"https:\/\/bojornal.pt\/index.php?rest_route=\/wp\/v2\/users\/2"}],"replies":[{"embeddable":true,"href":"https:\/\/bojornal.pt\/index.php?rest_route=%2Fwp%2Fv2%2Fcomments&post=10708"}],"version-history":[{"count":0,"href":"https:\/\/bojornal.pt\/index.php?rest_route=\/wp\/v2\/posts\/10708\/revisions"}],"wp:featuredmedia":[{"embeddable":true,"href":"https:\/\/bojornal.pt\/index.php?rest_route=\/wp\/v2\/media\/10709"}],"wp:attachment":[{"href":"https:\/\/bojornal.pt\/index.php?rest_route=%2Fwp%2Fv2%2Fmedia&parent=10708"}],"wp:term":[{"taxonomy":"category","embeddable":true,"href":"https:\/\/bojornal.pt\/index.php?rest_route=%2Fwp%2Fv2%2Fcategories&post=10708"},{"taxonomy":"post_tag","embeddable":true,"href":"https:\/\/bojornal.pt\/index.php?rest_route=%2Fwp%2Fv2%2Ftags&post=10708"}],"curies":[{"name":"wp","href":"https:\/\/api.w.org\/{rel}","templated":true}]}}