{"id":10691,"date":"2021-12-16T12:22:00","date_gmt":"2021-12-16T12:22:00","guid":{"rendered":"https:\/\/bojornal.pt\/?p=10691"},"modified":"2021-12-21T12:24:42","modified_gmt":"2021-12-21T12:24:42","slug":"fabula-musical-pedro-e-o-lobo-no-jardim-de-infancia-da-se","status":"publish","type":"post","link":"https:\/\/bojornal.pt\/?p=10691","title":{"rendered":"F\u00e1bula musical \u201cPedro e o Lobo\u201d no Jardim de Inf\u00e2ncia da S\u00e9"},"content":{"rendered":"\n<figure class=\"wp-block-video\"><video height=\"352\" style=\"aspect-ratio: 640 \/ 352;\" width=\"640\" controls src=\"https:\/\/bojornal.pt\/wp-content\/uploads\/2021\/12\/268933573_1072626263515575_5380245353167039304_n.mp4\"><\/video><figcaption>Professores do Conservat\u00f3rio de M\u00fasica e Dan\u00e7a de Bragan\u00e7a brindaram as crian\u00e7as do Jardim de Inf\u00e2ncia com uma f\u00e1bula musical.<\/figcaption><\/figure>\n\n\n\n<p>Os alunos do Jardim de Inf\u00e2ncia da S\u00e9 assistiram , na pr\u00f3pria sala, a um verdadeiro espet\u00e1culo musical, promovido pelos professores do Conservat\u00f3rio de M\u00fasica e Dan\u00e7a de Bragan\u00e7a.<\/p>\n\n\n\n<p>As crian\u00e7as tiveram a oportunidade de assistir \u00e0 f\u00e1bula musical \u201c<em>Pedro e o Lobo<\/em>\u201d do compositor Sergey Prokofiev. Este \u00e9 um cl\u00e1ssico da m\u00fasica cl\u00e1ssica, sendo um projeto educativo para que as crian\u00e7as conhe\u00e7am melhor os instrumentos da orquestra. A cada personagem da hist\u00f3ria foi atribu\u00edda um determinado andamento musical executado por violino, piano e flauta transversal.<\/p>\n\n\n\n<p>Foi com total deslumbramento que as crian\u00e7as acompanharam, em sil\u00eancio, esta brilhante apresenta\u00e7\u00e3o.<\/p>\n\n\n\n<p>Parab\u00e9ns pela iniciativa.<\/p>\n","protected":false},"excerpt":{"rendered":"<p>Os alunos do Jardim de Inf\u00e2ncia da S\u00e9 assistiram , na pr\u00f3pria sala, a um verdadeiro espet\u00e1culo musical, promovido pelos professores do Conservat\u00f3rio de M\u00fasica e Dan\u00e7a de Bragan\u00e7a. As crian\u00e7as tiveram a oportunidade&#46;&#46;&#46;<\/p>\n","protected":false},"author":2,"featured_media":10694,"comment_status":"closed","ping_status":"open","sticky":false,"template":"","format":"standard","meta":{"footnotes":""},"categories":[2,3,9,15],"tags":[],"class_list":["post-10691","post","type-post","status-publish","format-standard","has-post-thumbnail","hentry","category-atualidade","category-cultura","category-em-foco","category-pre-escolar"],"_links":{"self":[{"href":"https:\/\/bojornal.pt\/index.php?rest_route=\/wp\/v2\/posts\/10691","targetHints":{"allow":["GET"]}}],"collection":[{"href":"https:\/\/bojornal.pt\/index.php?rest_route=\/wp\/v2\/posts"}],"about":[{"href":"https:\/\/bojornal.pt\/index.php?rest_route=\/wp\/v2\/types\/post"}],"author":[{"embeddable":true,"href":"https:\/\/bojornal.pt\/index.php?rest_route=\/wp\/v2\/users\/2"}],"replies":[{"embeddable":true,"href":"https:\/\/bojornal.pt\/index.php?rest_route=%2Fwp%2Fv2%2Fcomments&post=10691"}],"version-history":[{"count":0,"href":"https:\/\/bojornal.pt\/index.php?rest_route=\/wp\/v2\/posts\/10691\/revisions"}],"wp:featuredmedia":[{"embeddable":true,"href":"https:\/\/bojornal.pt\/index.php?rest_route=\/wp\/v2\/media\/10694"}],"wp:attachment":[{"href":"https:\/\/bojornal.pt\/index.php?rest_route=%2Fwp%2Fv2%2Fmedia&parent=10691"}],"wp:term":[{"taxonomy":"category","embeddable":true,"href":"https:\/\/bojornal.pt\/index.php?rest_route=%2Fwp%2Fv2%2Fcategories&post=10691"},{"taxonomy":"post_tag","embeddable":true,"href":"https:\/\/bojornal.pt\/index.php?rest_route=%2Fwp%2Fv2%2Ftags&post=10691"}],"curies":[{"name":"wp","href":"https:\/\/api.w.org\/{rel}","templated":true}]}}