{"id":10688,"date":"2021-12-16T11:55:00","date_gmt":"2021-12-16T11:55:00","guid":{"rendered":"https:\/\/bojornal.pt\/?p=10688"},"modified":"2021-12-21T12:01:17","modified_gmt":"2021-12-21T12:01:17","slug":"bicicletas-de-aprendizagem-no-jise2","status":"publish","type":"post","link":"https:\/\/bojornal.pt\/?p=10688","title":{"rendered":"Bicicletas de aprendizagem no JIS\u00e92"},"content":{"rendered":"\n<figure class=\"wp-block-image size-large is-style-default\"><a href=\"https:\/\/bojornal.pt\/wp-content\/uploads\/2021\/12\/Bicicletas_Creche.jpg\"><img loading=\"lazy\" decoding=\"async\" width=\"683\" height=\"1024\" src=\"https:\/\/bojornal.pt\/wp-content\/uploads\/2021\/12\/Bicicletas_Creche-683x1024.jpg\" alt=\"\" class=\"wp-image-10689\" srcset=\"https:\/\/bojornal.pt\/wp-content\/uploads\/2021\/12\/Bicicletas_Creche-683x1024.jpg 683w, https:\/\/bojornal.pt\/wp-content\/uploads\/2021\/12\/Bicicletas_Creche-200x300.jpg 200w, https:\/\/bojornal.pt\/wp-content\/uploads\/2021\/12\/Bicicletas_Creche-768x1151.jpg 768w, https:\/\/bojornal.pt\/wp-content\/uploads\/2021\/12\/Bicicletas_Creche-1025x1536.jpg 1025w, https:\/\/bojornal.pt\/wp-content\/uploads\/2021\/12\/Bicicletas_Creche.jpg 1366w\" sizes=\"auto, (max-width: 683px) 100vw, 683px\" \/><\/a><\/figure>\n\n\n\n<p>Este ano, o Pai Natal chegou mais cedo ao Jardim de Inf\u00e2ncia da S\u00e9.&nbsp; A turma JIS\u00e92 foi contemplada, no dia 15 de dezembro, com a atribui\u00e7\u00e3o de duas bicicletas, no \u00e2mbito da iniciativa <em>BICICLETAS DE APRENDIZAGEM NAS CRECHES<\/em>. O JIS\u00e92 candidatou-se a este projeto com a apresenta\u00e7\u00e3o de uma hist\u00f3ria sobre a import\u00e2ncia da bicicleta enquanto modo de transporte entre casa e a escola. Reconhecendo que \u201c\u2026<em>o contacto com a bicicleta desde tenra idade \u00e9 um dos fatores fulcrais para desenvolver o ciclismo quer enquanto modalidade, quer enquanto um h\u00e1bito recorrente dos portugueses<\/em>\u2026\u201d a empresa Polisport Pl\u00e1sticos SA uniu esfor\u00e7os com a Federa\u00e7\u00e3o Portuguesa de Ciclismo, com o objetivo de possibilitar \u00e0s crian\u00e7as a partir dos 2anos de idade um contacto regular com bicicletas de aprendizagem.<\/p>\n\n\n\n<p>Esta iniciativa permitir\u00e1 desenvolver o equil\u00edbrio, uma das compet\u00eancias fundamentais para saber andar de bicicleta.<\/p>\n","protected":false},"excerpt":{"rendered":"<p>Este ano, o Pai Natal chegou mais cedo ao Jardim de Inf\u00e2ncia da S\u00e9.&nbsp; A turma JIS\u00e92 foi contemplada, no dia 15 de dezembro, com a atribui\u00e7\u00e3o de duas bicicletas, no \u00e2mbito da iniciativa&#46;&#46;&#46;<\/p>\n","protected":false},"author":2,"featured_media":10689,"comment_status":"closed","ping_status":"open","sticky":false,"template":"","format":"standard","meta":{"footnotes":""},"categories":[2,15],"tags":[],"class_list":["post-10688","post","type-post","status-publish","format-standard","has-post-thumbnail","hentry","category-atualidade","category-pre-escolar"],"_links":{"self":[{"href":"https:\/\/bojornal.pt\/index.php?rest_route=\/wp\/v2\/posts\/10688","targetHints":{"allow":["GET"]}}],"collection":[{"href":"https:\/\/bojornal.pt\/index.php?rest_route=\/wp\/v2\/posts"}],"about":[{"href":"https:\/\/bojornal.pt\/index.php?rest_route=\/wp\/v2\/types\/post"}],"author":[{"embeddable":true,"href":"https:\/\/bojornal.pt\/index.php?rest_route=\/wp\/v2\/users\/2"}],"replies":[{"embeddable":true,"href":"https:\/\/bojornal.pt\/index.php?rest_route=%2Fwp%2Fv2%2Fcomments&post=10688"}],"version-history":[{"count":0,"href":"https:\/\/bojornal.pt\/index.php?rest_route=\/wp\/v2\/posts\/10688\/revisions"}],"wp:featuredmedia":[{"embeddable":true,"href":"https:\/\/bojornal.pt\/index.php?rest_route=\/wp\/v2\/media\/10689"}],"wp:attachment":[{"href":"https:\/\/bojornal.pt\/index.php?rest_route=%2Fwp%2Fv2%2Fmedia&parent=10688"}],"wp:term":[{"taxonomy":"category","embeddable":true,"href":"https:\/\/bojornal.pt\/index.php?rest_route=%2Fwp%2Fv2%2Fcategories&post=10688"},{"taxonomy":"post_tag","embeddable":true,"href":"https:\/\/bojornal.pt\/index.php?rest_route=%2Fwp%2Fv2%2Ftags&post=10688"}],"curies":[{"name":"wp","href":"https:\/\/api.w.org\/{rel}","templated":true}]}}