{"id":10668,"date":"2021-11-12T19:02:00","date_gmt":"2021-11-12T19:02:00","guid":{"rendered":"https:\/\/bojornal.pt\/?p=10668"},"modified":"2021-12-20T23:37:54","modified_gmt":"2021-12-20T23:37:54","slug":"atividades-de-s-martinho","status":"publish","type":"post","link":"https:\/\/bojornal.pt\/?p=10668","title":{"rendered":"Atividades de S. Martinho"},"content":{"rendered":"\n<figure class=\"wp-block-image size-large is-style-default\"><a href=\"https:\/\/bojornal.pt\/wp-content\/uploads\/2021\/12\/Magusto2021_ESEG-scaled.jpg\"><img loading=\"lazy\" decoding=\"async\" width=\"2560\" height=\"1441\" src=\"https:\/\/bojornal.pt\/wp-content\/uploads\/2021\/12\/Magusto2021_ESEG-edited-scaled.jpg\" alt=\"\" class=\"wp-image-10670\" srcset=\"https:\/\/bojornal.pt\/wp-content\/uploads\/2021\/12\/Magusto2021_ESEG-edited-scaled.jpg 2560w, https:\/\/bojornal.pt\/wp-content\/uploads\/2021\/12\/Magusto2021_ESEG-edited-300x169.jpg 300w, https:\/\/bojornal.pt\/wp-content\/uploads\/2021\/12\/Magusto2021_ESEG-edited-1024x576.jpg 1024w, https:\/\/bojornal.pt\/wp-content\/uploads\/2021\/12\/Magusto2021_ESEG-edited-768x432.jpg 768w, https:\/\/bojornal.pt\/wp-content\/uploads\/2021\/12\/Magusto2021_ESEG-edited-1536x864.jpg 1536w, https:\/\/bojornal.pt\/wp-content\/uploads\/2021\/12\/Magusto2021_ESEG-edited-2048x1153.jpg 2048w\" sizes=\"auto, (max-width: 2560px) 100vw, 2560px\" \/><\/a><\/figure>\n\n\n\n<p>Os alunos do Liceu festejaram, mais uma vez, o Dia de S. Martinho. No dia 11 de novembro, foram organizados alguns jogos tradicionais para assinalar esta efem\u00e9ride. Apesar das limita\u00e7\u00f5es impostas pelo contexto pand\u00e9mico, as atividades desenvolveram-se dentro das regras de seguran\u00e7a emanadas pelas entidades competentes. N\u00e3o podendo realizar o magusto da forma habitual, n\u00e3o faltou anima\u00e7\u00e3o para relembrar outros tempos.<\/p>\n\n\n\n<p>Parab\u00e9ns aos alunos e aos professores do grupo de Educa\u00e7\u00e3o F\u00edsica que tornaram poss\u00edvel este dia especial.<\/p>\n","protected":false},"excerpt":{"rendered":"<p>Os alunos do Liceu festejaram, mais uma vez, o Dia de S. Martinho. No dia 11 de novembro, foram organizados alguns jogos tradicionais para assinalar esta efem\u00e9ride. Apesar das limita\u00e7\u00f5es impostas pelo contexto pand\u00e9mico,&#46;&#46;&#46;<\/p>\n","protected":false},"author":2,"featured_media":10670,"comment_status":"closed","ping_status":"open","sticky":false,"template":"","format":"standard","meta":{"footnotes":""},"categories":[2,9,16],"tags":[],"class_list":["post-10668","post","type-post","status-publish","format-standard","has-post-thumbnail","hentry","category-atualidade","category-em-foco","category-escola-secundaria-emidio-garcia"],"_links":{"self":[{"href":"https:\/\/bojornal.pt\/index.php?rest_route=\/wp\/v2\/posts\/10668","targetHints":{"allow":["GET"]}}],"collection":[{"href":"https:\/\/bojornal.pt\/index.php?rest_route=\/wp\/v2\/posts"}],"about":[{"href":"https:\/\/bojornal.pt\/index.php?rest_route=\/wp\/v2\/types\/post"}],"author":[{"embeddable":true,"href":"https:\/\/bojornal.pt\/index.php?rest_route=\/wp\/v2\/users\/2"}],"replies":[{"embeddable":true,"href":"https:\/\/bojornal.pt\/index.php?rest_route=%2Fwp%2Fv2%2Fcomments&post=10668"}],"version-history":[{"count":0,"href":"https:\/\/bojornal.pt\/index.php?rest_route=\/wp\/v2\/posts\/10668\/revisions"}],"wp:featuredmedia":[{"embeddable":true,"href":"https:\/\/bojornal.pt\/index.php?rest_route=\/wp\/v2\/media\/10670"}],"wp:attachment":[{"href":"https:\/\/bojornal.pt\/index.php?rest_route=%2Fwp%2Fv2%2Fmedia&parent=10668"}],"wp:term":[{"taxonomy":"category","embeddable":true,"href":"https:\/\/bojornal.pt\/index.php?rest_route=%2Fwp%2Fv2%2Fcategories&post=10668"},{"taxonomy":"post_tag","embeddable":true,"href":"https:\/\/bojornal.pt\/index.php?rest_route=%2Fwp%2Fv2%2Ftags&post=10668"}],"curies":[{"name":"wp","href":"https:\/\/api.w.org\/{rel}","templated":true}]}}