{"id":10654,"date":"2021-12-20T16:38:41","date_gmt":"2021-12-20T16:38:41","guid":{"rendered":"https:\/\/bojornal.pt\/?p=10654"},"modified":"2021-12-20T16:38:43","modified_gmt":"2021-12-20T16:38:43","slug":"natal-em-construcao","status":"publish","type":"post","link":"https:\/\/bojornal.pt\/?p=10654","title":{"rendered":"NATAL em constru\u00e7\u00e3o\u2026"},"content":{"rendered":"\n<figure class=\"wp-block-gallery columns-3 is-cropped wp-block-gallery-1 is-layout-flex wp-block-gallery-is-layout-flex\"><ul class=\"blocks-gallery-grid\"><li class=\"blocks-gallery-item\"><figure><a href=\"https:\/\/bojornal.pt\/wp-content\/uploads\/2021\/12\/Presepio_Liceu_2021.jpg\"><img loading=\"lazy\" decoding=\"async\" width=\"1024\" height=\"768\" src=\"https:\/\/bojornal.pt\/wp-content\/uploads\/2021\/12\/Presepio_Liceu_2021-1024x768.jpg\" alt=\"\" data-id=\"10655\" data-full-url=\"https:\/\/bojornal.pt\/wp-content\/uploads\/2021\/12\/Presepio_Liceu_2021.jpg\" data-link=\"https:\/\/bojornal.pt\/?attachment_id=10655\" class=\"wp-image-10655\" srcset=\"https:\/\/bojornal.pt\/wp-content\/uploads\/2021\/12\/Presepio_Liceu_2021-1024x768.jpg 1024w, https:\/\/bojornal.pt\/wp-content\/uploads\/2021\/12\/Presepio_Liceu_2021-300x225.jpg 300w, https:\/\/bojornal.pt\/wp-content\/uploads\/2021\/12\/Presepio_Liceu_2021-768x576.jpg 768w, https:\/\/bojornal.pt\/wp-content\/uploads\/2021\/12\/Presepio_Liceu_2021-1536x1152.jpg 1536w, https:\/\/bojornal.pt\/wp-content\/uploads\/2021\/12\/Presepio_Liceu_2021.jpg 1728w\" sizes=\"auto, (max-width: 1024px) 100vw, 1024px\" \/><\/a><\/figure><\/li><li class=\"blocks-gallery-item\"><figure><a href=\"https:\/\/bojornal.pt\/wp-content\/uploads\/2021\/12\/Presepio_Liceu_2021_1.jpg\"><img loading=\"lazy\" decoding=\"async\" width=\"1024\" height=\"768\" src=\"https:\/\/bojornal.pt\/wp-content\/uploads\/2021\/12\/Presepio_Liceu_2021_1-1024x768.jpg\" alt=\"\" data-id=\"10656\" data-full-url=\"https:\/\/bojornal.pt\/wp-content\/uploads\/2021\/12\/Presepio_Liceu_2021_1.jpg\" data-link=\"https:\/\/bojornal.pt\/?attachment_id=10656\" class=\"wp-image-10656\" srcset=\"https:\/\/bojornal.pt\/wp-content\/uploads\/2021\/12\/Presepio_Liceu_2021_1-1024x768.jpg 1024w, https:\/\/bojornal.pt\/wp-content\/uploads\/2021\/12\/Presepio_Liceu_2021_1-300x225.jpg 300w, https:\/\/bojornal.pt\/wp-content\/uploads\/2021\/12\/Presepio_Liceu_2021_1-768x576.jpg 768w, https:\/\/bojornal.pt\/wp-content\/uploads\/2021\/12\/Presepio_Liceu_2021_1-1536x1152.jpg 1536w, https:\/\/bojornal.pt\/wp-content\/uploads\/2021\/12\/Presepio_Liceu_2021_1.jpg 1728w\" sizes=\"auto, (max-width: 1024px) 100vw, 1024px\" \/><\/a><\/figure><\/li><li class=\"blocks-gallery-item\"><figure><a href=\"https:\/\/bojornal.pt\/wp-content\/uploads\/2021\/12\/Presepio_Liceu_2021_2.jpg\"><img loading=\"lazy\" decoding=\"async\" width=\"1024\" height=\"768\" src=\"https:\/\/bojornal.pt\/wp-content\/uploads\/2021\/12\/Presepio_Liceu_2021_2-1024x768.jpg\" alt=\"\" data-id=\"10657\" data-full-url=\"https:\/\/bojornal.pt\/wp-content\/uploads\/2021\/12\/Presepio_Liceu_2021_2.jpg\" data-link=\"https:\/\/bojornal.pt\/?attachment_id=10657\" class=\"wp-image-10657\" srcset=\"https:\/\/bojornal.pt\/wp-content\/uploads\/2021\/12\/Presepio_Liceu_2021_2-1024x768.jpg 1024w, https:\/\/bojornal.pt\/wp-content\/uploads\/2021\/12\/Presepio_Liceu_2021_2-300x225.jpg 300w, https:\/\/bojornal.pt\/wp-content\/uploads\/2021\/12\/Presepio_Liceu_2021_2-768x576.jpg 768w, https:\/\/bojornal.pt\/wp-content\/uploads\/2021\/12\/Presepio_Liceu_2021_2-1536x1152.jpg 1536w, https:\/\/bojornal.pt\/wp-content\/uploads\/2021\/12\/Presepio_Liceu_2021_2.jpg 1728w\" sizes=\"auto, (max-width: 1024px) 100vw, 1024px\" \/><\/a><\/figure><\/li><li class=\"blocks-gallery-item\"><figure><a href=\"https:\/\/bojornal.pt\/wp-content\/uploads\/2021\/12\/Presepio_Liceu_2021_3.jpg\"><img loading=\"lazy\" decoding=\"async\" width=\"1024\" height=\"768\" src=\"https:\/\/bojornal.pt\/wp-content\/uploads\/2021\/12\/Presepio_Liceu_2021_3-1024x768.jpg\" alt=\"\" data-id=\"10658\" data-full-url=\"https:\/\/bojornal.pt\/wp-content\/uploads\/2021\/12\/Presepio_Liceu_2021_3.jpg\" data-link=\"https:\/\/bojornal.pt\/?attachment_id=10658\" class=\"wp-image-10658\" srcset=\"https:\/\/bojornal.pt\/wp-content\/uploads\/2021\/12\/Presepio_Liceu_2021_3-1024x768.jpg 1024w, https:\/\/bojornal.pt\/wp-content\/uploads\/2021\/12\/Presepio_Liceu_2021_3-300x225.jpg 300w, https:\/\/bojornal.pt\/wp-content\/uploads\/2021\/12\/Presepio_Liceu_2021_3-768x576.jpg 768w, https:\/\/bojornal.pt\/wp-content\/uploads\/2021\/12\/Presepio_Liceu_2021_3-1536x1152.jpg 1536w, https:\/\/bojornal.pt\/wp-content\/uploads\/2021\/12\/Presepio_Liceu_2021_3.jpg 1728w\" sizes=\"auto, (max-width: 1024px) 100vw, 1024px\" \/><\/a><\/figure><\/li><li class=\"blocks-gallery-item\"><figure><a href=\"https:\/\/bojornal.pt\/wp-content\/uploads\/2021\/12\/Presepio_Liceu_2021_4.jpg\"><img loading=\"lazy\" decoding=\"async\" width=\"1024\" height=\"768\" src=\"https:\/\/bojornal.pt\/wp-content\/uploads\/2021\/12\/Presepio_Liceu_2021_4-1024x768.jpg\" alt=\"\" data-id=\"10659\" data-full-url=\"https:\/\/bojornal.pt\/wp-content\/uploads\/2021\/12\/Presepio_Liceu_2021_4.jpg\" data-link=\"https:\/\/bojornal.pt\/?attachment_id=10659\" class=\"wp-image-10659\" srcset=\"https:\/\/bojornal.pt\/wp-content\/uploads\/2021\/12\/Presepio_Liceu_2021_4-1024x768.jpg 1024w, https:\/\/bojornal.pt\/wp-content\/uploads\/2021\/12\/Presepio_Liceu_2021_4-300x225.jpg 300w, https:\/\/bojornal.pt\/wp-content\/uploads\/2021\/12\/Presepio_Liceu_2021_4-768x576.jpg 768w, https:\/\/bojornal.pt\/wp-content\/uploads\/2021\/12\/Presepio_Liceu_2021_4-1536x1152.jpg 1536w, https:\/\/bojornal.pt\/wp-content\/uploads\/2021\/12\/Presepio_Liceu_2021_4.jpg 1728w\" sizes=\"auto, (max-width: 1024px) 100vw, 1024px\" \/><\/a><\/figure><\/li><li class=\"blocks-gallery-item\"><figure><a href=\"https:\/\/bojornal.pt\/wp-content\/uploads\/2021\/12\/Presepio_Liceu_2021_5.jpg\"><img loading=\"lazy\" decoding=\"async\" width=\"768\" height=\"1024\" src=\"https:\/\/bojornal.pt\/wp-content\/uploads\/2021\/12\/Presepio_Liceu_2021_5-768x1024.jpg\" alt=\"\" data-id=\"10660\" data-full-url=\"https:\/\/bojornal.pt\/wp-content\/uploads\/2021\/12\/Presepio_Liceu_2021_5.jpg\" data-link=\"https:\/\/bojornal.pt\/?attachment_id=10660\" class=\"wp-image-10660\" srcset=\"https:\/\/bojornal.pt\/wp-content\/uploads\/2021\/12\/Presepio_Liceu_2021_5-768x1024.jpg 768w, https:\/\/bojornal.pt\/wp-content\/uploads\/2021\/12\/Presepio_Liceu_2021_5-225x300.jpg 225w, https:\/\/bojornal.pt\/wp-content\/uploads\/2021\/12\/Presepio_Liceu_2021_5-1152x1536.jpg 1152w, https:\/\/bojornal.pt\/wp-content\/uploads\/2021\/12\/Presepio_Liceu_2021_5.jpg 1296w\" sizes=\"auto, (max-width: 768px) 100vw, 768px\" \/><\/a><\/figure><\/li><\/ul><figcaption class=\"blocks-gallery-caption\">&#8220;Natal em constru\u00e7\u00e3o&#8221; &#8211; Pres\u00e9pio da Escola Em\u00eddio Garcia 2021<\/figcaption><\/figure>\n\n\n\n<p>Como j\u00e1 \u00e9 tradi\u00e7\u00e3o, os alunos de Artes Visuais do Liceu de Bragan\u00e7a, orientados pelo professor Manuel Trovisco, constru\u00edram o Pres\u00e9pio 2021. Todos os anos, a comunidade escolar aguarda pela forma como estes talentosos artistas nos ir\u00e3o surpreender\u2026 E a\u00ed est\u00e1! Este ano, a obra intitulada <strong><em>NATAL em constru\u00e7\u00e3o<\/em><\/strong>, tem como principal objetivo \u201c<em>compreender a Figura Humana atrav\u00e9s da simplifica\u00e7\u00e3o e geometriza\u00e7\u00e3o<\/em>\u201d:<\/p>\n\n\n\n<p>&nbsp;&nbsp;&nbsp;&nbsp;&nbsp;&nbsp;&nbsp;&nbsp;&nbsp;&nbsp;&nbsp;&nbsp;&nbsp;&nbsp;&nbsp;&nbsp;&nbsp;&nbsp;&nbsp;&nbsp;&nbsp;&nbsp; &#8211; Propor\u00e7\u00f5es, pontos de inflex\u00e3o, \u00e2ngulos, dire\u00e7\u00e3o e movimento;<\/p>\n\n\n\n<p>&nbsp;&nbsp;&nbsp;&nbsp;&nbsp;&nbsp;&nbsp;&nbsp;&nbsp;&nbsp;&nbsp;&nbsp;&nbsp;&nbsp;&nbsp;&nbsp;&nbsp;&nbsp;&nbsp;&nbsp;&nbsp;&nbsp; &#8211; Aplica\u00e7\u00e3o da Lei dos Contrastes:<\/p>\n\n\n\n<p>&nbsp;&nbsp;&nbsp;&nbsp;&nbsp;&nbsp;&nbsp;&nbsp;&nbsp;&nbsp;&nbsp;&nbsp;&nbsp;&nbsp;&nbsp;&nbsp;&nbsp;&nbsp;&nbsp;&nbsp;&nbsp;&nbsp;&nbsp;&nbsp;&nbsp;&nbsp;&nbsp;&nbsp;&nbsp;&nbsp;&nbsp;&nbsp; &#8211; di\u00e1logo entre tridimensionalidade e bidimensionalidade;<\/p>\n\n\n\n<p>&nbsp;&nbsp;&nbsp;&nbsp;&nbsp;&nbsp;&nbsp;&nbsp;&nbsp;&nbsp;&nbsp;&nbsp;&nbsp;&nbsp;&nbsp;&nbsp;&nbsp;&nbsp;&nbsp;&nbsp;&nbsp;&nbsp;&nbsp;&nbsp;&nbsp;&nbsp;&nbsp;&nbsp;&nbsp;&nbsp;&nbsp; &nbsp;&nbsp;&#8211; forma massa e forma esquel\u00e9tica;<\/p>\n\n\n\n<p>&nbsp;&nbsp;&nbsp;&nbsp;&nbsp;&nbsp;&nbsp;&nbsp;&nbsp;&nbsp;&nbsp;&nbsp;&nbsp;&nbsp;&nbsp;&nbsp;&nbsp;&nbsp;&nbsp;&nbsp;&nbsp;&nbsp;&nbsp;&nbsp;&nbsp;&nbsp;&nbsp;&nbsp;&nbsp;&nbsp;&nbsp;&nbsp;&nbsp;&nbsp; &#8211; linhas retas e curvas;<\/p>\n\n\n\n<p>Foram utilizados os seguintes materiais: Roofmate (placa r\u00edgida de espuma de poliestireno extrudido), cimento cola para capoto, arame \u201cqueimado\u201d e cola para esferovite.<\/p>\n\n\n\n<p>Parab\u00e9ns ao professor Manuel Trovisco e aos seus alunos por mais um excelente trabalho.<\/p>\n","protected":false},"excerpt":{"rendered":"<p>Como j\u00e1 \u00e9 tradi\u00e7\u00e3o, os alunos de Artes Visuais do Liceu de Bragan\u00e7a, orientados pelo professor Manuel Trovisco, constru\u00edram o Pres\u00e9pio 2021. Todos os anos, a comunidade escolar aguarda pela forma como estes talentosos&#46;&#46;&#46;<\/p>\n","protected":false},"author":2,"featured_media":10655,"comment_status":"closed","ping_status":"open","sticky":false,"template":"","format":"standard","meta":{"footnotes":""},"categories":[2,3,9,16],"tags":[],"class_list":["post-10654","post","type-post","status-publish","format-standard","has-post-thumbnail","hentry","category-atualidade","category-cultura","category-em-foco","category-escola-secundaria-emidio-garcia"],"_links":{"self":[{"href":"https:\/\/bojornal.pt\/index.php?rest_route=\/wp\/v2\/posts\/10654","targetHints":{"allow":["GET"]}}],"collection":[{"href":"https:\/\/bojornal.pt\/index.php?rest_route=\/wp\/v2\/posts"}],"about":[{"href":"https:\/\/bojornal.pt\/index.php?rest_route=\/wp\/v2\/types\/post"}],"author":[{"embeddable":true,"href":"https:\/\/bojornal.pt\/index.php?rest_route=\/wp\/v2\/users\/2"}],"replies":[{"embeddable":true,"href":"https:\/\/bojornal.pt\/index.php?rest_route=%2Fwp%2Fv2%2Fcomments&post=10654"}],"version-history":[{"count":0,"href":"https:\/\/bojornal.pt\/index.php?rest_route=\/wp\/v2\/posts\/10654\/revisions"}],"wp:featuredmedia":[{"embeddable":true,"href":"https:\/\/bojornal.pt\/index.php?rest_route=\/wp\/v2\/media\/10655"}],"wp:attachment":[{"href":"https:\/\/bojornal.pt\/index.php?rest_route=%2Fwp%2Fv2%2Fmedia&parent=10654"}],"wp:term":[{"taxonomy":"category","embeddable":true,"href":"https:\/\/bojornal.pt\/index.php?rest_route=%2Fwp%2Fv2%2Fcategories&post=10654"},{"taxonomy":"post_tag","embeddable":true,"href":"https:\/\/bojornal.pt\/index.php?rest_route=%2Fwp%2Fv2%2Ftags&post=10654"}],"curies":[{"name":"wp","href":"https:\/\/api.w.org\/{rel}","templated":true}]}}