{"id":10595,"date":"2021-12-10T16:22:00","date_gmt":"2021-12-10T16:22:00","guid":{"rendered":"https:\/\/bojornal.pt\/?p=10595"},"modified":"2021-12-17T16:24:31","modified_gmt":"2021-12-17T16:24:31","slug":"alunos-assinalam-dia-internacional-dos-direitos-humanos","status":"publish","type":"post","link":"https:\/\/bojornal.pt\/?p=10595","title":{"rendered":"Alunos assinalam Dia Internacional dos Direitos Humanos"},"content":{"rendered":"\n<figure class=\"wp-block-gallery columns-3 is-cropped wp-block-gallery-1 is-layout-flex wp-block-gallery-is-layout-flex\"><ul class=\"blocks-gallery-grid\"><li class=\"blocks-gallery-item\"><figure><a href=\"https:\/\/bojornal.pt\/wp-content\/uploads\/2021\/12\/Direitos-Humanos_Jogo-1.jpg\"><img loading=\"lazy\" decoding=\"async\" width=\"1024\" height=\"768\" src=\"https:\/\/bojornal.pt\/wp-content\/uploads\/2021\/12\/Direitos-Humanos_Jogo-1-1024x768.jpg\" alt=\"\" data-id=\"10596\" data-full-url=\"https:\/\/bojornal.pt\/wp-content\/uploads\/2021\/12\/Direitos-Humanos_Jogo-1.jpg\" data-link=\"https:\/\/bojornal.pt\/?attachment_id=10596\" class=\"wp-image-10596\" srcset=\"https:\/\/bojornal.pt\/wp-content\/uploads\/2021\/12\/Direitos-Humanos_Jogo-1-1024x768.jpg 1024w, https:\/\/bojornal.pt\/wp-content\/uploads\/2021\/12\/Direitos-Humanos_Jogo-1-300x225.jpg 300w, https:\/\/bojornal.pt\/wp-content\/uploads\/2021\/12\/Direitos-Humanos_Jogo-1-768x576.jpg 768w, https:\/\/bojornal.pt\/wp-content\/uploads\/2021\/12\/Direitos-Humanos_Jogo-1-1536x1152.jpg 1536w, https:\/\/bojornal.pt\/wp-content\/uploads\/2021\/12\/Direitos-Humanos_Jogo-1.jpg 2000w\" sizes=\"auto, (max-width: 1024px) 100vw, 1024px\" \/><\/a><\/figure><\/li><li class=\"blocks-gallery-item\"><figure><a href=\"https:\/\/bojornal.pt\/wp-content\/uploads\/2021\/12\/Direitos-Humanos_Jogo-2.jpg\"><img loading=\"lazy\" decoding=\"async\" width=\"1024\" height=\"768\" src=\"https:\/\/bojornal.pt\/wp-content\/uploads\/2021\/12\/Direitos-Humanos_Jogo-2-1024x768.jpg\" alt=\"\" data-id=\"10597\" data-full-url=\"https:\/\/bojornal.pt\/wp-content\/uploads\/2021\/12\/Direitos-Humanos_Jogo-2.jpg\" data-link=\"https:\/\/bojornal.pt\/?attachment_id=10597\" class=\"wp-image-10597\" srcset=\"https:\/\/bojornal.pt\/wp-content\/uploads\/2021\/12\/Direitos-Humanos_Jogo-2-1024x768.jpg 1024w, https:\/\/bojornal.pt\/wp-content\/uploads\/2021\/12\/Direitos-Humanos_Jogo-2-300x225.jpg 300w, https:\/\/bojornal.pt\/wp-content\/uploads\/2021\/12\/Direitos-Humanos_Jogo-2-768x576.jpg 768w, https:\/\/bojornal.pt\/wp-content\/uploads\/2021\/12\/Direitos-Humanos_Jogo-2-1536x1152.jpg 1536w, https:\/\/bojornal.pt\/wp-content\/uploads\/2021\/12\/Direitos-Humanos_Jogo-2.jpg 2000w\" sizes=\"auto, (max-width: 1024px) 100vw, 1024px\" \/><\/a><\/figure><\/li><li class=\"blocks-gallery-item\"><figure><a href=\"https:\/\/bojornal.pt\/wp-content\/uploads\/2021\/12\/Direitos-Humanos_Jogo-3.jpg\"><img loading=\"lazy\" decoding=\"async\" width=\"1024\" height=\"768\" src=\"https:\/\/bojornal.pt\/wp-content\/uploads\/2021\/12\/Direitos-Humanos_Jogo-3-1024x768.jpg\" alt=\"\" data-id=\"10598\" data-full-url=\"https:\/\/bojornal.pt\/wp-content\/uploads\/2021\/12\/Direitos-Humanos_Jogo-3.jpg\" data-link=\"https:\/\/bojornal.pt\/?attachment_id=10598\" class=\"wp-image-10598\" srcset=\"https:\/\/bojornal.pt\/wp-content\/uploads\/2021\/12\/Direitos-Humanos_Jogo-3-1024x768.jpg 1024w, https:\/\/bojornal.pt\/wp-content\/uploads\/2021\/12\/Direitos-Humanos_Jogo-3-300x225.jpg 300w, https:\/\/bojornal.pt\/wp-content\/uploads\/2021\/12\/Direitos-Humanos_Jogo-3-768x576.jpg 768w, https:\/\/bojornal.pt\/wp-content\/uploads\/2021\/12\/Direitos-Humanos_Jogo-3-1536x1152.jpg 1536w, https:\/\/bojornal.pt\/wp-content\/uploads\/2021\/12\/Direitos-Humanos_Jogo-3.jpg 2000w\" sizes=\"auto, (max-width: 1024px) 100vw, 1024px\" \/><\/a><\/figure><\/li><li class=\"blocks-gallery-item\"><figure><a href=\"https:\/\/bojornal.pt\/wp-content\/uploads\/2021\/12\/Direitos-Humanos_Jogo-4.jpg\"><img loading=\"lazy\" decoding=\"async\" width=\"1024\" height=\"768\" src=\"https:\/\/bojornal.pt\/wp-content\/uploads\/2021\/12\/Direitos-Humanos_Jogo-4-1024x768.jpg\" alt=\"\" data-id=\"10599\" data-full-url=\"https:\/\/bojornal.pt\/wp-content\/uploads\/2021\/12\/Direitos-Humanos_Jogo-4.jpg\" data-link=\"https:\/\/bojornal.pt\/?attachment_id=10599\" class=\"wp-image-10599\" srcset=\"https:\/\/bojornal.pt\/wp-content\/uploads\/2021\/12\/Direitos-Humanos_Jogo-4-1024x768.jpg 1024w, https:\/\/bojornal.pt\/wp-content\/uploads\/2021\/12\/Direitos-Humanos_Jogo-4-300x225.jpg 300w, https:\/\/bojornal.pt\/wp-content\/uploads\/2021\/12\/Direitos-Humanos_Jogo-4-768x576.jpg 768w, https:\/\/bojornal.pt\/wp-content\/uploads\/2021\/12\/Direitos-Humanos_Jogo-4-1536x1152.jpg 1536w, https:\/\/bojornal.pt\/wp-content\/uploads\/2021\/12\/Direitos-Humanos_Jogo-4.jpg 2000w\" sizes=\"auto, (max-width: 1024px) 100vw, 1024px\" \/><\/a><\/figure><\/li><\/ul><\/figure>\n\n\n\n<p class=\"has-text-align-left\">Os alunos de EMRC (Educa\u00e7\u00e3o Moral e Religiosa Cat\u00f3lica) assinalaram o Dia Internacional dos Direitos Humanos. Dia 10 de dezembro, por ocasi\u00e3o desta efem\u00e9ride, as diversas turmas de 6\u00ba ano, na Escola Paulo Quintela, e de 9\u00ba ano, na Escola Em\u00eddio Garcia, fizeram um peddy-paper sobre a Declara\u00e7\u00e3o Universal dos Direitos Humanos. Desta forma, e em contexto fora da sala de aula, os alunos tiveram a oportunidade de conhecerem e aprofundarem melhor os 30 artigos do documento. Esta iniciativa serviu tamb\u00e9m de articula\u00e7\u00e3o com a disciplina de Cidadania e Desenvolvimento.<\/p>\n","protected":false},"excerpt":{"rendered":"<p>Os alunos de EMRC (Educa\u00e7\u00e3o Moral e Religiosa Cat\u00f3lica) assinalaram o Dia Internacional dos Direitos Humanos. Dia 10 de dezembro, por ocasi\u00e3o desta efem\u00e9ride, as diversas turmas de 6\u00ba ano, na Escola Paulo Quintela,&#46;&#46;&#46;<\/p>\n","protected":false},"author":2,"featured_media":10598,"comment_status":"closed","ping_status":"open","sticky":false,"template":"","format":"standard","meta":{"footnotes":""},"categories":[2,9,13],"tags":[],"class_list":["post-10595","post","type-post","status-publish","format-standard","has-post-thumbnail","hentry","category-atualidade","category-em-foco","category-escola-paulo-quintela"],"_links":{"self":[{"href":"https:\/\/bojornal.pt\/index.php?rest_route=\/wp\/v2\/posts\/10595","targetHints":{"allow":["GET"]}}],"collection":[{"href":"https:\/\/bojornal.pt\/index.php?rest_route=\/wp\/v2\/posts"}],"about":[{"href":"https:\/\/bojornal.pt\/index.php?rest_route=\/wp\/v2\/types\/post"}],"author":[{"embeddable":true,"href":"https:\/\/bojornal.pt\/index.php?rest_route=\/wp\/v2\/users\/2"}],"replies":[{"embeddable":true,"href":"https:\/\/bojornal.pt\/index.php?rest_route=%2Fwp%2Fv2%2Fcomments&post=10595"}],"version-history":[{"count":0,"href":"https:\/\/bojornal.pt\/index.php?rest_route=\/wp\/v2\/posts\/10595\/revisions"}],"wp:featuredmedia":[{"embeddable":true,"href":"https:\/\/bojornal.pt\/index.php?rest_route=\/wp\/v2\/media\/10598"}],"wp:attachment":[{"href":"https:\/\/bojornal.pt\/index.php?rest_route=%2Fwp%2Fv2%2Fmedia&parent=10595"}],"wp:term":[{"taxonomy":"category","embeddable":true,"href":"https:\/\/bojornal.pt\/index.php?rest_route=%2Fwp%2Fv2%2Fcategories&post=10595"},{"taxonomy":"post_tag","embeddable":true,"href":"https:\/\/bojornal.pt\/index.php?rest_route=%2Fwp%2Fv2%2Ftags&post=10595"}],"curies":[{"name":"wp","href":"https:\/\/api.w.org\/{rel}","templated":true}]}}