{"id":10592,"date":"2021-09-17T15:47:00","date_gmt":"2021-09-17T14:47:00","guid":{"rendered":"https:\/\/bojornal.pt\/?p=10592"},"modified":"2021-12-17T15:51:36","modified_gmt":"2021-12-17T15:51:36","slug":"iniciou-mais-um-ano-letivo","status":"publish","type":"post","link":"https:\/\/bojornal.pt\/?p=10592","title":{"rendered":"Iniciou mais um ano letivo"},"content":{"rendered":"\n<figure class=\"wp-block-image size-large is-resized\"><a href=\"https:\/\/bojornal.pt\/wp-content\/uploads\/2021\/12\/Inicio-do-ano-letivo.jpg\"><img loading=\"lazy\" decoding=\"async\" src=\"https:\/\/bojornal.pt\/wp-content\/uploads\/2021\/12\/Inicio-do-ano-letivo-1024x768.jpg\" alt=\"\" class=\"wp-image-10593\" width=\"594\" height=\"445\" srcset=\"https:\/\/bojornal.pt\/wp-content\/uploads\/2021\/12\/Inicio-do-ano-letivo-1024x768.jpg 1024w, https:\/\/bojornal.pt\/wp-content\/uploads\/2021\/12\/Inicio-do-ano-letivo-300x225.jpg 300w, https:\/\/bojornal.pt\/wp-content\/uploads\/2021\/12\/Inicio-do-ano-letivo-768x576.jpg 768w, https:\/\/bojornal.pt\/wp-content\/uploads\/2021\/12\/Inicio-do-ano-letivo-1536x1152.jpg 1536w, https:\/\/bojornal.pt\/wp-content\/uploads\/2021\/12\/Inicio-do-ano-letivo.jpg 1944w\" sizes=\"auto, (max-width: 594px) 100vw, 594px\" \/><\/a><\/figure>\n\n\n\n<p>Iniciou mais um ano letivo. Tal como no \u00faltimo ano, este n\u00e3o come\u00e7a em pleno devido \u00e0s circunst\u00e2ncias provocadas pela Covid-19. No entanto, come\u00e7am j\u00e1 a realizar-se algumas atividades, principalmente para os alunos que iniciam uma nova etapa das suas vidas. Bem vindos a todos os alunos principalmente aos &#8220;calorinhos&#8221; de cada escola do Agrupamento Em\u00eddio Garcia. O bojornal deseja-vos um excelente ano letivo.<\/p>\n","protected":false},"excerpt":{"rendered":"<p>Iniciou mais um ano letivo. Tal como no \u00faltimo ano, este n\u00e3o come\u00e7a em pleno devido \u00e0s circunst\u00e2ncias provocadas pela Covid-19. No entanto, come\u00e7am j\u00e1 a realizar-se algumas atividades, principalmente para os alunos que&#46;&#46;&#46;<\/p>\n","protected":false},"author":2,"featured_media":10593,"comment_status":"closed","ping_status":"open","sticky":false,"template":"","format":"standard","meta":{"footnotes":""},"categories":[14,2,9,13,16],"tags":[],"class_list":["post-10592","post","type-post","status-publish","format-standard","has-post-thumbnail","hentry","category-1o-ciclo","category-atualidade","category-em-foco","category-escola-paulo-quintela","category-escola-secundaria-emidio-garcia"],"_links":{"self":[{"href":"https:\/\/bojornal.pt\/index.php?rest_route=\/wp\/v2\/posts\/10592","targetHints":{"allow":["GET"]}}],"collection":[{"href":"https:\/\/bojornal.pt\/index.php?rest_route=\/wp\/v2\/posts"}],"about":[{"href":"https:\/\/bojornal.pt\/index.php?rest_route=\/wp\/v2\/types\/post"}],"author":[{"embeddable":true,"href":"https:\/\/bojornal.pt\/index.php?rest_route=\/wp\/v2\/users\/2"}],"replies":[{"embeddable":true,"href":"https:\/\/bojornal.pt\/index.php?rest_route=%2Fwp%2Fv2%2Fcomments&post=10592"}],"version-history":[{"count":0,"href":"https:\/\/bojornal.pt\/index.php?rest_route=\/wp\/v2\/posts\/10592\/revisions"}],"wp:featuredmedia":[{"embeddable":true,"href":"https:\/\/bojornal.pt\/index.php?rest_route=\/wp\/v2\/media\/10593"}],"wp:attachment":[{"href":"https:\/\/bojornal.pt\/index.php?rest_route=%2Fwp%2Fv2%2Fmedia&parent=10592"}],"wp:term":[{"taxonomy":"category","embeddable":true,"href":"https:\/\/bojornal.pt\/index.php?rest_route=%2Fwp%2Fv2%2Fcategories&post=10592"},{"taxonomy":"post_tag","embeddable":true,"href":"https:\/\/bojornal.pt\/index.php?rest_route=%2Fwp%2Fv2%2Ftags&post=10592"}],"curies":[{"name":"wp","href":"https:\/\/api.w.org\/{rel}","templated":true}]}}