{"id":10589,"date":"2021-11-01T15:42:00","date_gmt":"2021-11-01T15:42:00","guid":{"rendered":"https:\/\/bojornal.pt\/?p=10589"},"modified":"2021-12-17T15:45:31","modified_gmt":"2021-12-17T15:45:31","slug":"halloween-no-centro-escolar-da-se-2","status":"publish","type":"post","link":"https:\/\/bojornal.pt\/?p=10589","title":{"rendered":"Halloween no Centro Escolar da S\u00e9"},"content":{"rendered":"\n<figure class=\"wp-block-image size-large\"><a href=\"https:\/\/bojornal.pt\/wp-content\/uploads\/2021\/12\/Haloween_Se1.jpg\"><img loading=\"lazy\" decoding=\"async\" width=\"1024\" height=\"768\" src=\"https:\/\/bojornal.pt\/wp-content\/uploads\/2021\/12\/Haloween_Se1-1024x768.jpg\" alt=\"\" class=\"wp-image-10590\" srcset=\"https:\/\/bojornal.pt\/wp-content\/uploads\/2021\/12\/Haloween_Se1-1024x768.jpg 1024w, https:\/\/bojornal.pt\/wp-content\/uploads\/2021\/12\/Haloween_Se1-300x225.jpg 300w, https:\/\/bojornal.pt\/wp-content\/uploads\/2021\/12\/Haloween_Se1-768x576.jpg 768w, https:\/\/bojornal.pt\/wp-content\/uploads\/2021\/12\/Haloween_Se1.jpg 1440w\" sizes=\"auto, (max-width: 1024px) 100vw, 1024px\" \/><\/a><\/figure>\n\n\n\n<p>O Centro Escolar da S\u00e9 assinalou o halloween com a realiza\u00e7\u00e3o de algumas atividades das quais se destacou a exposi\u00e7\u00e3o de trabalhos alusivos ao tema.<\/p>\n","protected":false},"excerpt":{"rendered":"<p>O Centro Escolar da S\u00e9 assinalou o halloween com a realiza\u00e7\u00e3o de algumas atividades das quais se destacou a exposi\u00e7\u00e3o de trabalhos alusivos ao tema.<\/p>\n","protected":false},"author":2,"featured_media":10590,"comment_status":"closed","ping_status":"open","sticky":false,"template":"","format":"standard","meta":{"footnotes":""},"categories":[14,2],"tags":[],"class_list":["post-10589","post","type-post","status-publish","format-standard","has-post-thumbnail","hentry","category-1o-ciclo","category-atualidade"],"_links":{"self":[{"href":"https:\/\/bojornal.pt\/index.php?rest_route=\/wp\/v2\/posts\/10589","targetHints":{"allow":["GET"]}}],"collection":[{"href":"https:\/\/bojornal.pt\/index.php?rest_route=\/wp\/v2\/posts"}],"about":[{"href":"https:\/\/bojornal.pt\/index.php?rest_route=\/wp\/v2\/types\/post"}],"author":[{"embeddable":true,"href":"https:\/\/bojornal.pt\/index.php?rest_route=\/wp\/v2\/users\/2"}],"replies":[{"embeddable":true,"href":"https:\/\/bojornal.pt\/index.php?rest_route=%2Fwp%2Fv2%2Fcomments&post=10589"}],"version-history":[{"count":0,"href":"https:\/\/bojornal.pt\/index.php?rest_route=\/wp\/v2\/posts\/10589\/revisions"}],"wp:featuredmedia":[{"embeddable":true,"href":"https:\/\/bojornal.pt\/index.php?rest_route=\/wp\/v2\/media\/10590"}],"wp:attachment":[{"href":"https:\/\/bojornal.pt\/index.php?rest_route=%2Fwp%2Fv2%2Fmedia&parent=10589"}],"wp:term":[{"taxonomy":"category","embeddable":true,"href":"https:\/\/bojornal.pt\/index.php?rest_route=%2Fwp%2Fv2%2Fcategories&post=10589"},{"taxonomy":"post_tag","embeddable":true,"href":"https:\/\/bojornal.pt\/index.php?rest_route=%2Fwp%2Fv2%2Ftags&post=10589"}],"curies":[{"name":"wp","href":"https:\/\/api.w.org\/{rel}","templated":true}]}}