{"id":10583,"date":"2021-12-16T14:45:00","date_gmt":"2021-12-16T14:45:00","guid":{"rendered":"https:\/\/bojornal.pt\/?p=10583"},"modified":"2021-12-17T15:16:24","modified_gmt":"2021-12-17T15:16:24","slug":"natal-solidario-2021","status":"publish","type":"post","link":"https:\/\/bojornal.pt\/?p=10583","title":{"rendered":"Natal Solid\u00e1rio 2021"},"content":{"rendered":"\n<figure class=\"wp-block-gallery columns-3 is-cropped wp-block-gallery-1 is-layout-flex wp-block-gallery-is-layout-flex\"><ul class=\"blocks-gallery-grid\"><li class=\"blocks-gallery-item\"><figure><a href=\"https:\/\/bojornal.pt\/wp-content\/uploads\/2021\/12\/Natal-Solidario2021-1.jpeg\"><img loading=\"lazy\" decoding=\"async\" width=\"768\" height=\"1024\" src=\"https:\/\/bojornal.pt\/wp-content\/uploads\/2021\/12\/Natal-Solidario2021-1-768x1024.jpeg\" alt=\"\" data-id=\"10584\" data-full-url=\"https:\/\/bojornal.pt\/wp-content\/uploads\/2021\/12\/Natal-Solidario2021-1.jpeg\" data-link=\"https:\/\/bojornal.pt\/?attachment_id=10584\" class=\"wp-image-10584\" srcset=\"https:\/\/bojornal.pt\/wp-content\/uploads\/2021\/12\/Natal-Solidario2021-1-768x1024.jpeg 768w, https:\/\/bojornal.pt\/wp-content\/uploads\/2021\/12\/Natal-Solidario2021-1-225x300.jpeg 225w, https:\/\/bojornal.pt\/wp-content\/uploads\/2021\/12\/Natal-Solidario2021-1-1152x1536.jpeg 1152w, https:\/\/bojornal.pt\/wp-content\/uploads\/2021\/12\/Natal-Solidario2021-1.jpeg 1536w\" sizes=\"auto, (max-width: 768px) 100vw, 768px\" \/><\/a><\/figure><\/li><li class=\"blocks-gallery-item\"><figure><a href=\"https:\/\/bojornal.pt\/wp-content\/uploads\/2021\/12\/Natal-Solidario2021-PQ.jpg\"><img loading=\"lazy\" decoding=\"async\" width=\"395\" height=\"521\" src=\"https:\/\/bojornal.pt\/wp-content\/uploads\/2021\/12\/Natal-Solidario2021-PQ.jpg\" alt=\"\" data-id=\"10587\" data-full-url=\"https:\/\/bojornal.pt\/wp-content\/uploads\/2021\/12\/Natal-Solidario2021-PQ.jpg\" data-link=\"https:\/\/bojornal.pt\/?attachment_id=10587\" class=\"wp-image-10587\" srcset=\"https:\/\/bojornal.pt\/wp-content\/uploads\/2021\/12\/Natal-Solidario2021-PQ.jpg 395w, https:\/\/bojornal.pt\/wp-content\/uploads\/2021\/12\/Natal-Solidario2021-PQ-227x300.jpg 227w\" sizes=\"auto, (max-width: 395px) 100vw, 395px\" \/><\/a><\/figure><\/li><li class=\"blocks-gallery-item\"><figure><a href=\"https:\/\/bojornal.pt\/wp-content\/uploads\/2021\/12\/Natal-Solidario2021-2.jpeg\"><img loading=\"lazy\" decoding=\"async\" width=\"768\" height=\"1024\" src=\"https:\/\/bojornal.pt\/wp-content\/uploads\/2021\/12\/Natal-Solidario2021-2-768x1024.jpeg\" alt=\"\" data-id=\"10585\" data-full-url=\"https:\/\/bojornal.pt\/wp-content\/uploads\/2021\/12\/Natal-Solidario2021-2.jpeg\" data-link=\"https:\/\/bojornal.pt\/?attachment_id=10585\" class=\"wp-image-10585\" srcset=\"https:\/\/bojornal.pt\/wp-content\/uploads\/2021\/12\/Natal-Solidario2021-2-768x1024.jpeg 768w, https:\/\/bojornal.pt\/wp-content\/uploads\/2021\/12\/Natal-Solidario2021-2-225x300.jpeg 225w, https:\/\/bojornal.pt\/wp-content\/uploads\/2021\/12\/Natal-Solidario2021-2-1152x1536.jpeg 1152w, https:\/\/bojornal.pt\/wp-content\/uploads\/2021\/12\/Natal-Solidario2021-2.jpeg 1536w\" sizes=\"auto, (max-width: 768px) 100vw, 768px\" \/><\/a><\/figure><\/li><li class=\"blocks-gallery-item\"><figure><a href=\"https:\/\/bojornal.pt\/wp-content\/uploads\/2021\/12\/Natal-Solidario2021-ESEG.jpg\"><img loading=\"lazy\" decoding=\"async\" width=\"351\" height=\"503\" src=\"https:\/\/bojornal.pt\/wp-content\/uploads\/2021\/12\/Natal-Solidario2021-ESEG.jpg\" alt=\"\" data-id=\"10586\" data-full-url=\"https:\/\/bojornal.pt\/wp-content\/uploads\/2021\/12\/Natal-Solidario2021-ESEG.jpg\" data-link=\"https:\/\/bojornal.pt\/?attachment_id=10586\" class=\"wp-image-10586\" srcset=\"https:\/\/bojornal.pt\/wp-content\/uploads\/2021\/12\/Natal-Solidario2021-ESEG.jpg 351w, https:\/\/bojornal.pt\/wp-content\/uploads\/2021\/12\/Natal-Solidario2021-ESEG-209x300.jpg 209w\" sizes=\"auto, (max-width: 351px) 100vw, 351px\" \/><\/a><\/figure><\/li><\/ul><\/figure>\n\n\n\n<p>A comunidade escolar do Agrupamento de Escolas Em\u00eddio Garcia mostrou, mais um ano, o seu lado mais solid\u00e1rio. Na tradicional campanha &#8220;Natal Solid\u00e1rio&#8221;, promovida pelos alunos e professores de Educa\u00e7\u00e3o Moral e Religiosa Cat\u00f3lica, as comunidades das escolas Paulo Quintela e Em\u00eddio Garcia tiveram a oportunidade de contribuir para esta causa com alimentos, roupas e brinquedos. <\/p>\n","protected":false},"excerpt":{"rendered":"<p>A comunidade escolar do Agrupamento de Escolas Em\u00eddio Garcia mostrou, mais um ano, o seu lado mais solid\u00e1rio. Na tradicional campanha &#8220;Natal Solid\u00e1rio&#8221;, promovida pelos alunos e professores de Educa\u00e7\u00e3o Moral e Religiosa Cat\u00f3lica,&#46;&#46;&#46;<\/p>\n","protected":false},"author":2,"featured_media":10585,"comment_status":"closed","ping_status":"open","sticky":false,"template":"","format":"standard","meta":{"footnotes":""},"categories":[2,13,16],"tags":[],"class_list":["post-10583","post","type-post","status-publish","format-standard","has-post-thumbnail","hentry","category-atualidade","category-escola-paulo-quintela","category-escola-secundaria-emidio-garcia"],"_links":{"self":[{"href":"https:\/\/bojornal.pt\/index.php?rest_route=\/wp\/v2\/posts\/10583","targetHints":{"allow":["GET"]}}],"collection":[{"href":"https:\/\/bojornal.pt\/index.php?rest_route=\/wp\/v2\/posts"}],"about":[{"href":"https:\/\/bojornal.pt\/index.php?rest_route=\/wp\/v2\/types\/post"}],"author":[{"embeddable":true,"href":"https:\/\/bojornal.pt\/index.php?rest_route=\/wp\/v2\/users\/2"}],"replies":[{"embeddable":true,"href":"https:\/\/bojornal.pt\/index.php?rest_route=%2Fwp%2Fv2%2Fcomments&post=10583"}],"version-history":[{"count":0,"href":"https:\/\/bojornal.pt\/index.php?rest_route=\/wp\/v2\/posts\/10583\/revisions"}],"wp:featuredmedia":[{"embeddable":true,"href":"https:\/\/bojornal.pt\/index.php?rest_route=\/wp\/v2\/media\/10585"}],"wp:attachment":[{"href":"https:\/\/bojornal.pt\/index.php?rest_route=%2Fwp%2Fv2%2Fmedia&parent=10583"}],"wp:term":[{"taxonomy":"category","embeddable":true,"href":"https:\/\/bojornal.pt\/index.php?rest_route=%2Fwp%2Fv2%2Fcategories&post=10583"},{"taxonomy":"post_tag","embeddable":true,"href":"https:\/\/bojornal.pt\/index.php?rest_route=%2Fwp%2Fv2%2Ftags&post=10583"}],"curies":[{"name":"wp","href":"https:\/\/api.w.org\/{rel}","templated":true}]}}