{"id":10577,"date":"2021-10-26T13:27:00","date_gmt":"2021-10-26T12:27:00","guid":{"rendered":"https:\/\/bojornal.pt\/?p=10577"},"modified":"2022-01-04T21:29:44","modified_gmt":"2022-01-04T21:29:44","slug":"lista-e-vence-associacao-de-estudantes","status":"publish","type":"post","link":"https:\/\/bojornal.pt\/?p=10577","title":{"rendered":"Lista E vence Associa\u00e7\u00e3o de Estudantes"},"content":{"rendered":"\n<figure class=\"wp-block-gallery columns-2 is-cropped wp-block-gallery-1 is-layout-flex wp-block-gallery-is-layout-flex\"><ul class=\"blocks-gallery-grid\"><li class=\"blocks-gallery-item\"><figure><a href=\"https:\/\/bojornal.pt\/wp-content\/uploads\/2021\/12\/Ana-Joao_presidente-da-AE-1.jpg\"><img loading=\"lazy\" decoding=\"async\" width=\"527\" height=\"538\" src=\"https:\/\/bojornal.pt\/wp-content\/uploads\/2021\/12\/Ana-Joao_presidente-da-AE-1.jpg\" alt=\"\" data-id=\"10579\" data-full-url=\"https:\/\/bojornal.pt\/wp-content\/uploads\/2021\/12\/Ana-Joao_presidente-da-AE-1.jpg\" data-link=\"https:\/\/bojornal.pt\/?attachment_id=10579\" class=\"wp-image-10579\" srcset=\"https:\/\/bojornal.pt\/wp-content\/uploads\/2021\/12\/Ana-Joao_presidente-da-AE-1.jpg 527w, https:\/\/bojornal.pt\/wp-content\/uploads\/2021\/12\/Ana-Joao_presidente-da-AE-1-294x300.jpg 294w\" sizes=\"auto, (max-width: 527px) 100vw, 527px\" \/><\/a><\/figure><\/li><li class=\"blocks-gallery-item\"><figure><a href=\"https:\/\/bojornal.pt\/wp-content\/uploads\/2021\/12\/Lista-E_Vence-associacao-de-estudantes.jpg\"><img loading=\"lazy\" decoding=\"async\" width=\"608\" height=\"528\" src=\"https:\/\/bojornal.pt\/wp-content\/uploads\/2021\/12\/Lista-E_Vence-associacao-de-estudantes.jpg\" alt=\"\" data-id=\"10580\" data-full-url=\"https:\/\/bojornal.pt\/wp-content\/uploads\/2021\/12\/Lista-E_Vence-associacao-de-estudantes.jpg\" data-link=\"https:\/\/bojornal.pt\/?attachment_id=10580\" class=\"wp-image-10580\" srcset=\"https:\/\/bojornal.pt\/wp-content\/uploads\/2021\/12\/Lista-E_Vence-associacao-de-estudantes.jpg 608w, https:\/\/bojornal.pt\/wp-content\/uploads\/2021\/12\/Lista-E_Vence-associacao-de-estudantes-300x261.jpg 300w\" sizes=\"auto, (max-width: 608px) 100vw, 608px\" \/><\/a><\/figure><\/li><\/ul><\/figure>\n\n\n\n<p>Ana Jo\u00e3o Fernandes \u00e9 a nova presidente da Associa\u00e7\u00e3o de Estudantes da Escola Em\u00eddio Garcia de Bragan\u00e7a. A aluna de 12\u00ba ano encabe\u00e7ou a Lista E que saiu vitoriosa, no sufr\u00e1gio do passado dia 25 de outubro, com 518 votos contra os 355 obtidos pela Lista G. Este ato eleitoral contou com a participa\u00e7\u00e3o de 921 alunos que, com imbu\u00eddos de um esp\u00edrito democr\u00e1tico, se dirigiram \u00e0s urnas para exercer o seu direito de voto.<\/p>\n\n\n\n<p>Durante o dia 22 de outubro, realizou-se a habitual campanha eleitoral adaptada \u00e0s novas regras impostas pela situa\u00e7\u00e3o pand\u00e9mica. Mesmo assim, o dia ficou marcado pela anima\u00e7\u00e3o e com o tradicional debate de ideias e propostas entre os representantes das duas candidaturas.<\/p>\n\n\n\n<p>O Bojornal deseja as maiores felicidades \u00e0 nova Dire\u00e7\u00e3o da Associa\u00e7\u00e3o de Estudantes.<\/p>\n","protected":false},"excerpt":{"rendered":"<p>Ana Jo\u00e3o Fernandes \u00e9 a nova presidente da Associa\u00e7\u00e3o de Estudantes da Escola Em\u00eddio Garcia de Bragan\u00e7a. A aluna de 12\u00ba ano encabe\u00e7ou a Lista E que saiu vitoriosa, no sufr\u00e1gio do passado dia&#46;&#46;&#46;<\/p>\n","protected":false},"author":2,"featured_media":10723,"comment_status":"closed","ping_status":"open","sticky":false,"template":"","format":"standard","meta":{"footnotes":""},"categories":[2,16],"tags":[],"class_list":["post-10577","post","type-post","status-publish","format-standard","has-post-thumbnail","hentry","category-atualidade","category-escola-secundaria-emidio-garcia"],"_links":{"self":[{"href":"https:\/\/bojornal.pt\/index.php?rest_route=\/wp\/v2\/posts\/10577","targetHints":{"allow":["GET"]}}],"collection":[{"href":"https:\/\/bojornal.pt\/index.php?rest_route=\/wp\/v2\/posts"}],"about":[{"href":"https:\/\/bojornal.pt\/index.php?rest_route=\/wp\/v2\/types\/post"}],"author":[{"embeddable":true,"href":"https:\/\/bojornal.pt\/index.php?rest_route=\/wp\/v2\/users\/2"}],"replies":[{"embeddable":true,"href":"https:\/\/bojornal.pt\/index.php?rest_route=%2Fwp%2Fv2%2Fcomments&post=10577"}],"version-history":[{"count":0,"href":"https:\/\/bojornal.pt\/index.php?rest_route=\/wp\/v2\/posts\/10577\/revisions"}],"wp:featuredmedia":[{"embeddable":true,"href":"https:\/\/bojornal.pt\/index.php?rest_route=\/wp\/v2\/media\/10723"}],"wp:attachment":[{"href":"https:\/\/bojornal.pt\/index.php?rest_route=%2Fwp%2Fv2%2Fmedia&parent=10577"}],"wp:term":[{"taxonomy":"category","embeddable":true,"href":"https:\/\/bojornal.pt\/index.php?rest_route=%2Fwp%2Fv2%2Fcategories&post=10577"},{"taxonomy":"post_tag","embeddable":true,"href":"https:\/\/bojornal.pt\/index.php?rest_route=%2Fwp%2Fv2%2Ftags&post=10577"}],"curies":[{"name":"wp","href":"https:\/\/api.w.org\/{rel}","templated":true}]}}