{"id":10563,"date":"2021-10-11T21:02:00","date_gmt":"2021-10-11T20:02:00","guid":{"rendered":"https:\/\/bojornal.pt\/?p=10563"},"modified":"2022-02-19T00:05:30","modified_gmt":"2022-02-19T00:05:30","slug":"celina-fontenete-distinguida-com-o-premio-de-merito-academico","status":"publish","type":"post","link":"https:\/\/bojornal.pt\/?p=10563","title":{"rendered":"Celina Fontenete distinguida com o Pr\u00e9mio de M\u00e9rito Acad\u00e9mico"},"content":{"rendered":"\n<p>Celina Fontenete, aluna finalista do Liceu, foi distinguida com o Pr\u00e9mio de M\u00e9rito Acad\u00e9mico, distin\u00e7\u00e3o atribu\u00edda pela Funda\u00e7\u00e3o Caixa de Cr\u00e9dito Agr\u00edcola do Alto Douro. A aluna obteve uma m\u00e9dia final de 19,8 valores e, por isso, participou na gala de entrega de diplomas e pr\u00e9mio monet\u00e1rio, numa cerim\u00f3nia realizada no passado dia 9 de outubro de 2021, no Audit\u00f3rio do Centro Cultural de Mirandela.<\/p>\n\n\n\n<figure class=\"wp-block-image size-full\"><a href=\"http:\/\/bojornal.pt\/wp-content\/uploads\/2021\/11\/textocelina.jpeg\"><img loading=\"lazy\" decoding=\"async\" width=\"678\" height=\"386\" src=\"http:\/\/bojornal.pt\/wp-content\/uploads\/2021\/11\/textocelina.jpeg\" alt=\"\" class=\"wp-image-10564\" srcset=\"https:\/\/bojornal.pt\/wp-content\/uploads\/2021\/11\/textocelina.jpeg 678w, https:\/\/bojornal.pt\/wp-content\/uploads\/2021\/11\/textocelina-300x171.jpeg 300w\" sizes=\"auto, (max-width: 678px) 100vw, 678px\" \/><\/a><\/figure>\n","protected":false},"excerpt":{"rendered":"<p>Celina Fontenete, aluna finalista do Liceu, foi distinguida com o Pr\u00e9mio de M\u00e9rito Acad\u00e9mico, distin\u00e7\u00e3o atribu\u00edda pela Funda\u00e7\u00e3o Caixa de Cr\u00e9dito Agr\u00edcola do Alto Douro. A aluna obteve uma m\u00e9dia final de 19,8 valores&#46;&#46;&#46;<\/p>\n","protected":false},"author":1,"featured_media":10820,"comment_status":"closed","ping_status":"open","sticky":false,"template":"","format":"standard","meta":{"footnotes":""},"categories":[2,9,16],"tags":[],"class_list":["post-10563","post","type-post","status-publish","format-standard","has-post-thumbnail","hentry","category-atualidade","category-em-foco","category-escola-secundaria-emidio-garcia"],"_links":{"self":[{"href":"https:\/\/bojornal.pt\/index.php?rest_route=\/wp\/v2\/posts\/10563","targetHints":{"allow":["GET"]}}],"collection":[{"href":"https:\/\/bojornal.pt\/index.php?rest_route=\/wp\/v2\/posts"}],"about":[{"href":"https:\/\/bojornal.pt\/index.php?rest_route=\/wp\/v2\/types\/post"}],"author":[{"embeddable":true,"href":"https:\/\/bojornal.pt\/index.php?rest_route=\/wp\/v2\/users\/1"}],"replies":[{"embeddable":true,"href":"https:\/\/bojornal.pt\/index.php?rest_route=%2Fwp%2Fv2%2Fcomments&post=10563"}],"version-history":[{"count":0,"href":"https:\/\/bojornal.pt\/index.php?rest_route=\/wp\/v2\/posts\/10563\/revisions"}],"wp:featuredmedia":[{"embeddable":true,"href":"https:\/\/bojornal.pt\/index.php?rest_route=\/wp\/v2\/media\/10820"}],"wp:attachment":[{"href":"https:\/\/bojornal.pt\/index.php?rest_route=%2Fwp%2Fv2%2Fmedia&parent=10563"}],"wp:term":[{"taxonomy":"category","embeddable":true,"href":"https:\/\/bojornal.pt\/index.php?rest_route=%2Fwp%2Fv2%2Fcategories&post=10563"},{"taxonomy":"post_tag","embeddable":true,"href":"https:\/\/bojornal.pt\/index.php?rest_route=%2Fwp%2Fv2%2Ftags&post=10563"}],"curies":[{"name":"wp","href":"https:\/\/api.w.org\/{rel}","templated":true}]}}