{"id":10527,"date":"2021-03-27T12:43:00","date_gmt":"2021-03-27T12:43:00","guid":{"rendered":"http:\/\/bojornal.pt\/?p=10527"},"modified":"2021-03-29T12:44:52","modified_gmt":"2021-03-29T11:44:52","slug":"gruteg-assinala-dia-mundial-do-teatro","status":"publish","type":"post","link":"https:\/\/bojornal.pt\/?p=10527","title":{"rendered":"GRUTEG assinala Dia Mundial do Teatro"},"content":{"rendered":"\n<p>O Grupo de Teatro da Escola Em\u00eddio Garcia (GRUTEG) assinalou, mais um ano, o Dia Mundial do Teatro. Apesar de vivermos tempos dif\u00edceis para a intera\u00e7\u00e3o e atua\u00e7\u00e3o em palco, obst\u00e1culos provocados pela Pandemia COVID-19, os elementos do GRUTEG continuam a reunir-se, possibilitando que a representa\u00e7\u00e3o continue a fazer parte das suas vidas. O Grupo de Teatro do Liceu \u00e9 um grupo de portas abertas a todos aqueles que chegam \u00e0 Escola Em\u00eddio Garcia. Para muitos, esta \u00e9 uma forma de fazerem aquilo que mais gostam, para outros, este grupo tornou-se um espa\u00e7o de amizade que contribuiu para a melhoria da sua autoestima. Vamos conhecer um pouco o que os elementos do GRUTEG t\u00eam para nos contar acerca do grupo.<\/p>\n\n\n\n<figure class=\"wp-block-embed is-type-rich is-provider-gestor-de-incorporacoes wp-block-embed-gestor-de-incorporacoes\"><div class=\"wp-block-embed__wrapper\">\n<div style=\"width: 640px;\" class=\"wp-video\"><video class=\"wp-video-shortcode\" id=\"video-10527-1\" width=\"640\" height=\"360\" preload=\"metadata\" controls=\"controls\"><source type=\"video\/mp4\" src=\"http:\/\/bojornal.pt\/wp-content\/uploads\/2021\/03\/Dia-Mundial-do-TEatro_GRUTEG.mp4?_=1\" \/><a href=\"http:\/\/bojornal.pt\/wp-content\/uploads\/2021\/03\/Dia-Mundial-do-TEatro_GRUTEG.mp4\">http:\/\/bojornal.pt\/wp-content\/uploads\/2021\/03\/Dia-Mundial-do-TEatro_GRUTEG.mp4<\/a><\/video><\/div>\n<\/div><\/figure>\n\n\n\n<p>   <\/p>\n","protected":false},"excerpt":{"rendered":"<p>O Grupo de Teatro da Escola Em\u00eddio Garcia (GRUTEG) assinalou, mais um ano, o Dia Mundial do Teatro. Apesar de vivermos tempos dif\u00edceis para a intera\u00e7\u00e3o e atua\u00e7\u00e3o em palco, obst\u00e1culos provocados pela Pandemia&#46;&#46;&#46;<\/p>\n","protected":false},"author":2,"featured_media":10530,"comment_status":"closed","ping_status":"closed","sticky":false,"template":"","format":"standard","meta":{"footnotes":""},"categories":[2,3,9,16],"tags":[],"class_list":["post-10527","post","type-post","status-publish","format-standard","has-post-thumbnail","hentry","category-atualidade","category-cultura","category-em-foco","category-escola-secundaria-emidio-garcia"],"_links":{"self":[{"href":"https:\/\/bojornal.pt\/index.php?rest_route=\/wp\/v2\/posts\/10527","targetHints":{"allow":["GET"]}}],"collection":[{"href":"https:\/\/bojornal.pt\/index.php?rest_route=\/wp\/v2\/posts"}],"about":[{"href":"https:\/\/bojornal.pt\/index.php?rest_route=\/wp\/v2\/types\/post"}],"author":[{"embeddable":true,"href":"https:\/\/bojornal.pt\/index.php?rest_route=\/wp\/v2\/users\/2"}],"replies":[{"embeddable":true,"href":"https:\/\/bojornal.pt\/index.php?rest_route=%2Fwp%2Fv2%2Fcomments&post=10527"}],"version-history":[{"count":0,"href":"https:\/\/bojornal.pt\/index.php?rest_route=\/wp\/v2\/posts\/10527\/revisions"}],"wp:featuredmedia":[{"embeddable":true,"href":"https:\/\/bojornal.pt\/index.php?rest_route=\/wp\/v2\/media\/10530"}],"wp:attachment":[{"href":"https:\/\/bojornal.pt\/index.php?rest_route=%2Fwp%2Fv2%2Fmedia&parent=10527"}],"wp:term":[{"taxonomy":"category","embeddable":true,"href":"https:\/\/bojornal.pt\/index.php?rest_route=%2Fwp%2Fv2%2Fcategories&post=10527"},{"taxonomy":"post_tag","embeddable":true,"href":"https:\/\/bojornal.pt\/index.php?rest_route=%2Fwp%2Fv2%2Ftags&post=10527"}],"curies":[{"name":"wp","href":"https:\/\/api.w.org\/{rel}","templated":true}]}}