{"id":10384,"date":"2021-01-04T15:05:00","date_gmt":"2021-01-04T15:05:00","guid":{"rendered":"http:\/\/bojornal.pt\/?p=10384"},"modified":"2021-06-02T11:36:51","modified_gmt":"2021-06-02T10:36:51","slug":"milagre-aprender","status":"publish","type":"post","link":"https:\/\/bojornal.pt\/?p=10384","title":{"rendered":"Milagre Aprender +"},"content":{"rendered":"\n<figure class=\"wp-block-image size-large\"><a href=\"http:\/\/bojornal.pt\/wp-content\/uploads\/2021\/01\/Eric_Matematica_premio-scaled.jpg\"><img loading=\"lazy\" decoding=\"async\" width=\"1024\" height=\"768\" src=\"http:\/\/bojornal.pt\/wp-content\/uploads\/2021\/01\/Eric_Matematica_premio-1024x768.jpg\" alt=\"\" class=\"wp-image-10385\" srcset=\"https:\/\/bojornal.pt\/wp-content\/uploads\/2021\/01\/Eric_Matematica_premio-1024x768.jpg 1024w, https:\/\/bojornal.pt\/wp-content\/uploads\/2021\/01\/Eric_Matematica_premio-300x225.jpg 300w, https:\/\/bojornal.pt\/wp-content\/uploads\/2021\/01\/Eric_Matematica_premio-768x576.jpg 768w, https:\/\/bojornal.pt\/wp-content\/uploads\/2021\/01\/Eric_Matematica_premio-1536x1152.jpg 1536w, https:\/\/bojornal.pt\/wp-content\/uploads\/2021\/01\/Eric_Matematica_premio-2048x1536.jpg 2048w\" sizes=\"auto, (max-width: 1024px) 100vw, 1024px\" \/><\/a><\/figure>\n\n\n\n<p>Durante o ano letivo 2019\/2020, os professores de Matem\u00e1tica apresentaram aos seus alunos a plataforma <strong>MILAGE APRENDER +.<\/strong><\/p>\n\n\n\n<p>Esta plataforma, desenvolvida para dispositivos m\u00f3veis, permite aos alunos acederem a conte\u00fados pedag\u00f3gicos, dentro e fora da sala de aula. Permite a resolu\u00e7\u00e3o aut\u00f3noma de exerc\u00edcios, inclui um esquema de autoavalia\u00e7\u00e3o e de avalia\u00e7\u00e3o pelos pares e a identifica\u00e7\u00e3o dos passos fundamentais na resolu\u00e7\u00e3o dos exerc\u00edcios.<\/p>\n\n\n\n<p>O aluno Eric Vaz, da turma 7\u00ba B, fez um percurso extraordin\u00e1rio e conseguiu alcan\u00e7ar a <strong>8\u00aa classifica\u00e7\u00e3o na pontua\u00e7\u00e3o da Matem\u00e1tica do 1\u00ba ao 12\u00ba ano<\/strong><strong>, a n\u00edvel nacional.<\/strong><\/p>\n\n\n\n<p>Segundo o \u00c9ric, \u201cfoi uma nova experi\u00eancia em fazer exerc\u00edcios, diferente de fazer exerc\u00edcios do manual. Gostei bastante pois nunca tinha visto um jogo em que tenha todas as mat\u00e9rias de v\u00e1rias disciplinas como, por exemplo, Matem\u00e1tica, Portugu\u00eas ou Hist\u00f3ria, com diferentes exerc\u00edcios e com diferentes graus de dificuldade. Foi muito interessante participar porque estou a competir n\u00e3o s\u00f3 com colegas da minha escola ou pa\u00eds, mas tamb\u00e9m com alunos de outros pa\u00edses.\u201d<\/p>\n\n\n\n<p>A sua professora, Manuela Teixeira, sente um enorme orgulho no percurso realizado pelo seu aluno.<\/p>\n\n\n\n<p>Muitos parab\u00e9ns ao \u00c9ric Vaz!<\/p>\n\n\n\n<p>Para saber mais sobre esta plataforma, consultar: milage.ualg.pt.<\/p>\n","protected":false},"excerpt":{"rendered":"<p>Durante o ano letivo 2019\/2020, os professores de Matem\u00e1tica apresentaram aos seus alunos a plataforma MILAGE APRENDER +. Esta plataforma, desenvolvida para dispositivos m\u00f3veis, permite aos alunos acederem a conte\u00fados pedag\u00f3gicos, dentro e fora&#46;&#46;&#46;<\/p>\n","protected":false},"author":2,"featured_media":10549,"comment_status":"closed","ping_status":"closed","sticky":false,"template":"","format":"standard","meta":{"footnotes":""},"categories":[2,9,16],"tags":[],"class_list":["post-10384","post","type-post","status-publish","format-standard","has-post-thumbnail","hentry","category-atualidade","category-em-foco","category-escola-secundaria-emidio-garcia"],"_links":{"self":[{"href":"https:\/\/bojornal.pt\/index.php?rest_route=\/wp\/v2\/posts\/10384","targetHints":{"allow":["GET"]}}],"collection":[{"href":"https:\/\/bojornal.pt\/index.php?rest_route=\/wp\/v2\/posts"}],"about":[{"href":"https:\/\/bojornal.pt\/index.php?rest_route=\/wp\/v2\/types\/post"}],"author":[{"embeddable":true,"href":"https:\/\/bojornal.pt\/index.php?rest_route=\/wp\/v2\/users\/2"}],"replies":[{"embeddable":true,"href":"https:\/\/bojornal.pt\/index.php?rest_route=%2Fwp%2Fv2%2Fcomments&post=10384"}],"version-history":[{"count":0,"href":"https:\/\/bojornal.pt\/index.php?rest_route=\/wp\/v2\/posts\/10384\/revisions"}],"wp:featuredmedia":[{"embeddable":true,"href":"https:\/\/bojornal.pt\/index.php?rest_route=\/wp\/v2\/media\/10549"}],"wp:attachment":[{"href":"https:\/\/bojornal.pt\/index.php?rest_route=%2Fwp%2Fv2%2Fmedia&parent=10384"}],"wp:term":[{"taxonomy":"category","embeddable":true,"href":"https:\/\/bojornal.pt\/index.php?rest_route=%2Fwp%2Fv2%2Fcategories&post=10384"},{"taxonomy":"post_tag","embeddable":true,"href":"https:\/\/bojornal.pt\/index.php?rest_route=%2Fwp%2Fv2%2Ftags&post=10384"}],"curies":[{"name":"wp","href":"https:\/\/api.w.org\/{rel}","templated":true}]}}