{"id":10380,"date":"2021-01-05T14:56:00","date_gmt":"2021-01-05T14:56:00","guid":{"rendered":"http:\/\/bojornal.pt\/?p=10380"},"modified":"2021-06-02T11:45:47","modified_gmt":"2021-06-02T10:45:47","slug":"supertmatik-prova-quiz-matematica","status":"publish","type":"post","link":"https:\/\/bojornal.pt\/?p=10380","title":{"rendered":"SuperTMatiz \u2013 Prova Quiz Matem\u00e1tica"},"content":{"rendered":"\n<p>A Escola B\u00e1sica Paulo Quintela participa h\u00e1 v\u00e1rios anos na competi\u00e7\u00e3o Ib\u00e9rica Quiz Matem\u00e1tica, promovida pela Eudactica Editores com os alunos dos 5.\u00ba e 6.\u00bas anos (n\u00edvel 2). Durante o primeiro e parte do segundo per\u00edodo do ano letivo 2019\/2020 foram disputadas as eliminat\u00f3rias entre os alunos da mesma turma para apuramento dos campe\u00f5es de turma.<\/p>\n\n\n\n<p>Ap\u00f3s este apuramento disputou-se o inter-turmas (eliminat\u00f3rias entre os campe\u00f5es e vice-campe\u00f5es das diferentes turmas) para apuramento dos finalistas por cada escal\u00e3o (ano de escolaridade).<\/p>\n\n\n\n<p>Em virtude da situa\u00e7\u00e3o Pand\u00e9mica vivida no ano lectivo 2019\/20 a grande Grande Final Online Ib\u00e9rica (jogo realizado em computador e que apresentava quest\u00f5es matem\u00e1ticas),foi apenas realizada nos dias 22 e 23 de Outubro de 2020, onde estiveram presentes seis finalistas que obtiveram os seguintes resultados:<\/p>\n\n\n\n<p>(Prova Quiz Matem\u00e1tica \u2013Edi\u00e7\u00e3o X Ib\u00e9rico -750 participantes)<strong> 5.\u00ba ANO<\/strong><\/p>\n\n\n\n<p>Ana Carolina Lage \u2013 6.\u00ba A (6.\u00ba Lugar)<\/p>\n\n\n\n<p>Leonardo Falc\u00e3o \u2013 6.\u00baF (7.\u00ba lugar)<\/p>\n\n\n\n<p>Iara Matela&nbsp; &#8211; 6.\u00baB (8.\u00ba lugar)<\/p>\n\n\n\n<p>(Prova Quiz Matem\u00e1tica \u2013Edi\u00e7\u00e3o X Ib\u00e9rico -750 participantes)<strong> 6.\u00ba ANO<\/strong><\/p>\n\n\n\n<p>Ruben Lopes \u2013 7.\u00baG&nbsp; (1.\u00ba lugar)<\/p>\n\n\n\n<figure class=\"wp-block-image size-large\"><a href=\"http:\/\/bojornal.pt\/wp-content\/uploads\/2021\/01\/Supermatik.jpg\"><img loading=\"lazy\" decoding=\"async\" width=\"485\" height=\"646\" src=\"http:\/\/bojornal.pt\/wp-content\/uploads\/2021\/01\/Supermatik.jpg\" alt=\"\" class=\"wp-image-10381\" srcset=\"https:\/\/bojornal.pt\/wp-content\/uploads\/2021\/01\/Supermatik.jpg 485w, https:\/\/bojornal.pt\/wp-content\/uploads\/2021\/01\/Supermatik-225x300.jpg 225w\" sizes=\"auto, (max-width: 485px) 100vw, 485px\" \/><\/a><\/figure>\n\n\n\n<p>Daniel Gomes \u2013 7.\u00ba C (4.\u00ba lugar)<\/p>\n\n\n\n<p>Maria Lu\u00edsa Martins Gouveia \u2013 7.\u00baA (10.\u00balugar)<\/p>\n\n\n\n<p><em>Todos os participantes est\u00e3o de parab\u00e9ns pois conseguiram honrosos lugares no Top 10 destacando-se o aluno Ruben Lopes que obteve um excelente 1.\u00balugar.<\/em><\/p>\n\n\n\n<figure class=\"wp-block-image size-large\"><a href=\"http:\/\/bojornal.pt\/wp-content\/uploads\/2021\/01\/Supermatik1.jpg\"><img loading=\"lazy\" decoding=\"async\" width=\"485\" height=\"646\" src=\"http:\/\/bojornal.pt\/wp-content\/uploads\/2021\/01\/Supermatik1.jpg\" alt=\"\" class=\"wp-image-10382\" srcset=\"https:\/\/bojornal.pt\/wp-content\/uploads\/2021\/01\/Supermatik1.jpg 485w, https:\/\/bojornal.pt\/wp-content\/uploads\/2021\/01\/Supermatik1-225x300.jpg 225w\" sizes=\"auto, (max-width: 485px) 100vw, 485px\" \/><\/a><\/figure>\n","protected":false},"excerpt":{"rendered":"<p>A Escola B\u00e1sica Paulo Quintela participa h\u00e1 v\u00e1rios anos na competi\u00e7\u00e3o Ib\u00e9rica Quiz Matem\u00e1tica, promovida pela Eudactica Editores com os alunos dos 5.\u00ba e 6.\u00bas anos (n\u00edvel 2). Durante o primeiro e parte do&#46;&#46;&#46;<\/p>\n","protected":false},"author":2,"featured_media":10553,"comment_status":"closed","ping_status":"closed","sticky":false,"template":"","format":"standard","meta":{"footnotes":""},"categories":[2,9,13],"tags":[],"class_list":["post-10380","post","type-post","status-publish","format-standard","has-post-thumbnail","hentry","category-atualidade","category-em-foco","category-escola-paulo-quintela"],"_links":{"self":[{"href":"https:\/\/bojornal.pt\/index.php?rest_route=\/wp\/v2\/posts\/10380","targetHints":{"allow":["GET"]}}],"collection":[{"href":"https:\/\/bojornal.pt\/index.php?rest_route=\/wp\/v2\/posts"}],"about":[{"href":"https:\/\/bojornal.pt\/index.php?rest_route=\/wp\/v2\/types\/post"}],"author":[{"embeddable":true,"href":"https:\/\/bojornal.pt\/index.php?rest_route=\/wp\/v2\/users\/2"}],"replies":[{"embeddable":true,"href":"https:\/\/bojornal.pt\/index.php?rest_route=%2Fwp%2Fv2%2Fcomments&post=10380"}],"version-history":[{"count":0,"href":"https:\/\/bojornal.pt\/index.php?rest_route=\/wp\/v2\/posts\/10380\/revisions"}],"wp:featuredmedia":[{"embeddable":true,"href":"https:\/\/bojornal.pt\/index.php?rest_route=\/wp\/v2\/media\/10553"}],"wp:attachment":[{"href":"https:\/\/bojornal.pt\/index.php?rest_route=%2Fwp%2Fv2%2Fmedia&parent=10380"}],"wp:term":[{"taxonomy":"category","embeddable":true,"href":"https:\/\/bojornal.pt\/index.php?rest_route=%2Fwp%2Fv2%2Fcategories&post=10380"},{"taxonomy":"post_tag","embeddable":true,"href":"https:\/\/bojornal.pt\/index.php?rest_route=%2Fwp%2Fv2%2Ftags&post=10380"}],"curies":[{"name":"wp","href":"https:\/\/api.w.org\/{rel}","templated":true}]}}