{"id":10377,"date":"2020-12-20T14:47:00","date_gmt":"2020-12-20T14:47:00","guid":{"rendered":"http:\/\/bojornal.pt\/?p=10377"},"modified":"2021-01-14T14:52:28","modified_gmt":"2021-01-14T14:52:28","slug":"emrc-promove-natal-solidario","status":"publish","type":"post","link":"https:\/\/bojornal.pt\/?p=10377","title":{"rendered":"EMRC promove &#8220;Natal Solid\u00e1rio&#8221;"},"content":{"rendered":"\n<p>Os alunos e professores de Educa\u00e7\u00e3o Moral e Religiosa Cat\u00f3lica, da Escola Em\u00eddio Garcia, promoveram, mais uma vez, a campanha &#8220;Natal Solid\u00e1rio&#8221; sob o lema: &#8220;Este ano tamb\u00e9m h\u00e1 Natal&#8221;. Esta iniciativa de recolha de bens mostrou, mais uma vez, que a comunidade escolar Em\u00eddio Garcia tem bem presente o valor da solidariedade. A Associa\u00e7\u00e3o de Estudantes do Liceu juntou-se \u00e0 causa e colaborou nesta campanha que terminou com a doa\u00e7\u00e3o dos bens recolhidos \u00e0s institui\u00e7\u00f5es: APADI e Obra Kolping.<\/p>\n\n\n\n<p>Pode ver o v\u00eddeo da entrega, aqui:<\/p>\n\n\n\n<figure class=\"wp-block-embed is-type-video is-provider-youtube wp-block-embed-youtube wp-embed-aspect-16-9 wp-has-aspect-ratio\"><div class=\"wp-block-embed__wrapper\">\n<div class=\"video-container\"><iframe loading=\"lazy\" title=\"Em\u00eddio Garcia promove &quot;Natal Solid\u00e1rio 2020&quot;\" width=\"500\" height=\"281\" src=\"https:\/\/www.youtube.com\/embed\/eXxo6ItsU8c?feature=oembed&#038;wmode=opaque\" frameborder=\"0\" allow=\"accelerometer; autoplay; clipboard-write; encrypted-media; gyroscope; picture-in-picture; web-share\" referrerpolicy=\"strict-origin-when-cross-origin\" allowfullscreen><\/iframe><\/div>\n<\/div><\/figure>\n","protected":false},"excerpt":{"rendered":"<p>Os alunos e professores de Educa\u00e7\u00e3o Moral e Religiosa Cat\u00f3lica, da Escola Em\u00eddio Garcia, promoveram, mais uma vez, a campanha &#8220;Natal Solid\u00e1rio&#8221; sob o lema: &#8220;Este ano tamb\u00e9m h\u00e1 Natal&#8221;. Esta iniciativa de recolha&#46;&#46;&#46;<\/p>\n","protected":false},"author":2,"featured_media":10379,"comment_status":"closed","ping_status":"closed","sticky":false,"template":"","format":"standard","meta":{"footnotes":""},"categories":[2,9,16,18],"tags":[],"class_list":["post-10377","post","type-post","status-publish","format-standard","has-post-thumbnail","hentry","category-atualidade","category-em-foco","category-escola-secundaria-emidio-garcia","category-videos"],"_links":{"self":[{"href":"https:\/\/bojornal.pt\/index.php?rest_route=\/wp\/v2\/posts\/10377","targetHints":{"allow":["GET"]}}],"collection":[{"href":"https:\/\/bojornal.pt\/index.php?rest_route=\/wp\/v2\/posts"}],"about":[{"href":"https:\/\/bojornal.pt\/index.php?rest_route=\/wp\/v2\/types\/post"}],"author":[{"embeddable":true,"href":"https:\/\/bojornal.pt\/index.php?rest_route=\/wp\/v2\/users\/2"}],"replies":[{"embeddable":true,"href":"https:\/\/bojornal.pt\/index.php?rest_route=%2Fwp%2Fv2%2Fcomments&post=10377"}],"version-history":[{"count":0,"href":"https:\/\/bojornal.pt\/index.php?rest_route=\/wp\/v2\/posts\/10377\/revisions"}],"wp:featuredmedia":[{"embeddable":true,"href":"https:\/\/bojornal.pt\/index.php?rest_route=\/wp\/v2\/media\/10379"}],"wp:attachment":[{"href":"https:\/\/bojornal.pt\/index.php?rest_route=%2Fwp%2Fv2%2Fmedia&parent=10377"}],"wp:term":[{"taxonomy":"category","embeddable":true,"href":"https:\/\/bojornal.pt\/index.php?rest_route=%2Fwp%2Fv2%2Fcategories&post=10377"},{"taxonomy":"post_tag","embeddable":true,"href":"https:\/\/bojornal.pt\/index.php?rest_route=%2Fwp%2Fv2%2Ftags&post=10377"}],"curies":[{"name":"wp","href":"https:\/\/api.w.org\/{rel}","templated":true}]}}