{"id":10287,"date":"2020-12-29T18:13:18","date_gmt":"2020-12-29T18:13:18","guid":{"rendered":"http:\/\/bojornal.pt\/?p=10287"},"modified":"2020-12-30T23:34:19","modified_gmt":"2020-12-30T23:34:19","slug":"agrupamento-emidio-garcia-de-luto","status":"publish","type":"post","link":"https:\/\/bojornal.pt\/?p=10287","title":{"rendered":"Agrupamento Em\u00eddio Garcia de luto"},"content":{"rendered":"\n<figure class=\"wp-block-image size-large\"><a href=\"http:\/\/bojornal.pt\/wp-content\/uploads\/2020\/12\/116423954_1580691215425121_132956761188768235_o.jpg\"><img loading=\"lazy\" decoding=\"async\" width=\"1024\" height=\"771\" src=\"http:\/\/bojornal.pt\/wp-content\/uploads\/2020\/12\/116423954_1580691215425121_132956761188768235_o-1024x771.jpg\" alt=\"\" class=\"wp-image-10289\" srcset=\"https:\/\/bojornal.pt\/wp-content\/uploads\/2020\/12\/116423954_1580691215425121_132956761188768235_o-1024x771.jpg 1024w, https:\/\/bojornal.pt\/wp-content\/uploads\/2020\/12\/116423954_1580691215425121_132956761188768235_o-300x226.jpg 300w, https:\/\/bojornal.pt\/wp-content\/uploads\/2020\/12\/116423954_1580691215425121_132956761188768235_o-768x578.jpg 768w, https:\/\/bojornal.pt\/wp-content\/uploads\/2020\/12\/116423954_1580691215425121_132956761188768235_o.jpg 1148w\" sizes=\"auto, (max-width: 1024px) 100vw, 1024px\" \/><\/a><\/figure>\n\n\n\n<p>Faleceu o professor Te\u00f3filo Vaz, docente de Hist\u00f3ria, diretor de turma e Presidente do Conselho Geral do Agrupamento de Escolas Em\u00eddio Garcia. Te\u00f3filo Vaz, al\u00e9m de ser uma das figuras do Liceu e colaborador do bojornal, era, tamb\u00e9m, diretor de informa\u00e7\u00e3o do Jornal Nordeste e da R\u00e1dio Brigantia. Foi membro da Assembleia Municipal de Bragan\u00e7a e candidato ao Munic\u00edpio brigantino como independente pelo CDS. Destacou-se na sociedade brigantina pela sua grande capacidade c\u00edvica, ligada ao jornalismo e \u00e0 pol\u00edtica. Te\u00f3filo Vaz tinha 65 anos e faleceu, no dia 29 de dezembro, v\u00edtima de enfarte. A comunidade escolar Em\u00eddio Garcia endere\u00e7a um abra\u00e7o de conforto e as condol\u00eancias a toda a fam\u00edlia.  <\/p>\n","protected":false},"excerpt":{"rendered":"<p>Faleceu o professor Te\u00f3filo Vaz, docente de Hist\u00f3ria, diretor de turma e Presidente do Conselho Geral do Agrupamento de Escolas Em\u00eddio Garcia. Te\u00f3filo Vaz, al\u00e9m de ser uma das figuras do Liceu e colaborador&#46;&#46;&#46;<\/p>\n","protected":false},"author":2,"featured_media":10289,"comment_status":"closed","ping_status":"closed","sticky":false,"template":"","format":"standard","meta":{"footnotes":""},"categories":[2,9,16],"tags":[],"class_list":["post-10287","post","type-post","status-publish","format-standard","has-post-thumbnail","hentry","category-atualidade","category-em-foco","category-escola-secundaria-emidio-garcia"],"_links":{"self":[{"href":"https:\/\/bojornal.pt\/index.php?rest_route=\/wp\/v2\/posts\/10287","targetHints":{"allow":["GET"]}}],"collection":[{"href":"https:\/\/bojornal.pt\/index.php?rest_route=\/wp\/v2\/posts"}],"about":[{"href":"https:\/\/bojornal.pt\/index.php?rest_route=\/wp\/v2\/types\/post"}],"author":[{"embeddable":true,"href":"https:\/\/bojornal.pt\/index.php?rest_route=\/wp\/v2\/users\/2"}],"replies":[{"embeddable":true,"href":"https:\/\/bojornal.pt\/index.php?rest_route=%2Fwp%2Fv2%2Fcomments&post=10287"}],"version-history":[{"count":0,"href":"https:\/\/bojornal.pt\/index.php?rest_route=\/wp\/v2\/posts\/10287\/revisions"}],"wp:featuredmedia":[{"embeddable":true,"href":"https:\/\/bojornal.pt\/index.php?rest_route=\/wp\/v2\/media\/10289"}],"wp:attachment":[{"href":"https:\/\/bojornal.pt\/index.php?rest_route=%2Fwp%2Fv2%2Fmedia&parent=10287"}],"wp:term":[{"taxonomy":"category","embeddable":true,"href":"https:\/\/bojornal.pt\/index.php?rest_route=%2Fwp%2Fv2%2Fcategories&post=10287"},{"taxonomy":"post_tag","embeddable":true,"href":"https:\/\/bojornal.pt\/index.php?rest_route=%2Fwp%2Fv2%2Ftags&post=10287"}],"curies":[{"name":"wp","href":"https:\/\/api.w.org\/{rel}","templated":true}]}}