{"id":10178,"date":"2020-11-04T10:52:25","date_gmt":"2020-11-04T10:52:25","guid":{"rendered":"http:\/\/bojornal.pt\/?p=10178"},"modified":"2020-12-16T11:04:28","modified_gmt":"2020-12-16T11:04:28","slug":"liceu-galardoado-com-premio-nacional-etwinning-2020","status":"publish","type":"post","link":"https:\/\/bojornal.pt\/?p=10178","title":{"rendered":"Liceu galardoado com Pr\u00e9mio Nacional eTwinning 2020"},"content":{"rendered":"\n<p>A Escola Em\u00eddio Garcia de Bragan\u00e7a recebeu o Pr\u00e9mio Nacional eTwinning 2020, na categoria Ensino Secund\u00e1rio. Os alunos do Liceu continuam a exibir excelentes participa\u00e7\u00f5es e, este ano, destacaram-se no projeto eTwinning Wise Words, com a participa\u00e7\u00e3o dos alunos das turmas 11\u00ba B, 11\u00ba C e 11\u00ba D no ano letivo anterior, recebendo o Selo Nacional de Qualidade, o Selo Europeu de Qualidade e o prestigiado Pr\u00e9mio Nacional eTwinning 2020. O j\u00fari considerou o &#8220;<em>projeto muito interessante sobre como escrever e proferir um discurso e como participar e liderar um debate, que cont\u00e9m atividades desafiantes envolvendo o uso do ingl\u00eas em situa\u00e7\u00f5es reais e conduzindo os participantes a descobrir o poder das palavras. O projeto encoraja os alunos a desenvolver a compet\u00eancia da oralidade, a tornarem-se mais aut\u00f3nomos e a pensarem criticamente sobre o mundo que os rodeia promovendo, de forma bastante positiva, uma pedagogia colaborativa entre os alunos de Portugal, Cro\u00e1cia, Alemanha, Turquia, Pol\u00f3nia e Gr\u00e9cia e possibilitando a intera\u00e7\u00e3o entre os alunos dos diferentes&nbsp; pa\u00edses.O projeto recorre a um conjunto variado de ferramentas Web propiciadoras de um trabalho efetivo entre os alunos,&nbsp; (&#8230;) e&nbsp;revela um trabalho continuado por parte dos professores e dos alunos na produ\u00e7\u00e3o de materiais em colabora\u00e7\u00e3o, que \u00e9 necess\u00e1rio enfatizar bem como uma excelente dissemina\u00e7\u00e3o na escola<\/em>&#8220;. Parab\u00e9ns a todos os elementos envolvidos que destacaram, mais uma vez, a qualidade da Escola Em\u00eddio Garcia.<\/p>\n\n\n\n<figure class=\"wp-block-image size-full\"><a href=\"http:\/\/bojornal.pt\/wp-content\/uploads\/2020\/11\/eTwinning-e1607706360775.png\"><img decoding=\"async\" src=\"https:\/\/bojornal.pt\/wp-content\/uploads\/2020\/11\/eTwinning.png\" alt=\"\" class=\"wp-image-10179\"\/><\/a><\/figure>\n\n\n\n<p><\/p>\n","protected":false},"excerpt":{"rendered":"<p>A Escola Em\u00eddio Garcia de Bragan\u00e7a recebeu o Pr\u00e9mio Nacional eTwinning 2020, na categoria Ensino Secund\u00e1rio. Os alunos do Liceu continuam a exibir excelentes participa\u00e7\u00f5es e, este ano, destacaram-se no projeto eTwinning Wise Words,&#46;&#46;&#46;<\/p>\n","protected":false},"author":2,"featured_media":10284,"comment_status":"closed","ping_status":"closed","sticky":false,"template":"","format":"standard","meta":{"footnotes":""},"categories":[2,9,16],"tags":[],"class_list":["post-10178","post","type-post","status-publish","format-standard","has-post-thumbnail","hentry","category-atualidade","category-em-foco","category-escola-secundaria-emidio-garcia"],"_links":{"self":[{"href":"https:\/\/bojornal.pt\/index.php?rest_route=\/wp\/v2\/posts\/10178","targetHints":{"allow":["GET"]}}],"collection":[{"href":"https:\/\/bojornal.pt\/index.php?rest_route=\/wp\/v2\/posts"}],"about":[{"href":"https:\/\/bojornal.pt\/index.php?rest_route=\/wp\/v2\/types\/post"}],"author":[{"embeddable":true,"href":"https:\/\/bojornal.pt\/index.php?rest_route=\/wp\/v2\/users\/2"}],"replies":[{"embeddable":true,"href":"https:\/\/bojornal.pt\/index.php?rest_route=%2Fwp%2Fv2%2Fcomments&post=10178"}],"version-history":[{"count":0,"href":"https:\/\/bojornal.pt\/index.php?rest_route=\/wp\/v2\/posts\/10178\/revisions"}],"wp:featuredmedia":[{"embeddable":true,"href":"https:\/\/bojornal.pt\/index.php?rest_route=\/wp\/v2\/media\/10284"}],"wp:attachment":[{"href":"https:\/\/bojornal.pt\/index.php?rest_route=%2Fwp%2Fv2%2Fmedia&parent=10178"}],"wp:term":[{"taxonomy":"category","embeddable":true,"href":"https:\/\/bojornal.pt\/index.php?rest_route=%2Fwp%2Fv2%2Fcategories&post=10178"},{"taxonomy":"post_tag","embeddable":true,"href":"https:\/\/bojornal.pt\/index.php?rest_route=%2Fwp%2Fv2%2Ftags&post=10178"}],"curies":[{"name":"wp","href":"https:\/\/api.w.org\/{rel}","templated":true}]}}