{"id":10116,"date":"2020-06-30T18:53:00","date_gmt":"2020-06-30T17:53:00","guid":{"rendered":"http:\/\/bojornal.pt\/?p=10116"},"modified":"2020-12-30T22:57:39","modified_gmt":"2020-12-30T22:57:39","slug":"pequenos-jornalistas-do-6od","status":"publish","type":"post","link":"https:\/\/bojornal.pt\/?p=10116","title":{"rendered":"Pequenos jornalistas do 6\u00baD"},"content":{"rendered":"\n<figure class=\"wp-block-image size-large\"><a href=\"https:\/\/bojornal.pt\/wp-content\/uploads\/2020\/12\/jornalinho.jpg\"><img loading=\"lazy\" decoding=\"async\" width=\"1024\" height=\"745\" src=\"https:\/\/bojornal.pt\/wp-content\/uploads\/2020\/12\/jornalinho-1024x745.jpg\" alt=\"\" class=\"wp-image-10299\" srcset=\"https:\/\/bojornal.pt\/wp-content\/uploads\/2020\/12\/jornalinho-1024x745.jpg 1024w, https:\/\/bojornal.pt\/wp-content\/uploads\/2020\/12\/jornalinho-300x218.jpg 300w, https:\/\/bojornal.pt\/wp-content\/uploads\/2020\/12\/jornalinho-768x559.jpg 768w, https:\/\/bojornal.pt\/wp-content\/uploads\/2020\/12\/jornalinho.jpg 1051w\" sizes=\"auto, (max-width: 1024px) 100vw, 1024px\" \/><\/a><\/figure>\n\n\n\n<p>A turma do 6\u00baD tornou-se uma aut\u00eantica reda\u00e7\u00e3o de jornal. Os pequenos jornalistas fizeram uma edi\u00e7\u00e3o do Bojornal com relatos das atividades e caracter\u00edsticas da turma. Os alunos despediram-se da melhor forma da Escola Paulo Quintela. No pr\u00f3ximoano letivo, o Bjornal conta com a t\u00e3o importante colabora\u00e7\u00e3o. At\u00e9 setembro.<\/p>\n\n\n\n<p>Pode consultar o jornal bojornalinho <a rel=\"noreferrer noopener\" href=\"http:\/\/bojornal.pt\/wp-content\/uploads\/2020\/12\/boJornalinho_6A_D.pdf\" target=\"_blank\">aqui<\/a><\/p>\n\n\n\n<p><\/p>\n\n\n\n<div class=\"wp-block-group\"><div class=\"wp-block-group__inner-container is-layout-flow wp-block-group-is-layout-flow\">\n<div class=\"wp-block-columns is-layout-flex wp-container-core-columns-is-layout-9d6595d7 wp-block-columns-is-layout-flex\">\n<div class=\"wp-block-column is-layout-flow wp-block-column-is-layout-flow\" style=\"flex-basis:100%\"><\/div>\n<\/div>\n<\/div><\/div>\n","protected":false},"excerpt":{"rendered":"<p>A turma do 6\u00baD tornou-se uma aut\u00eantica reda\u00e7\u00e3o de jornal. Os pequenos jornalistas fizeram uma edi\u00e7\u00e3o do Bojornal com relatos das atividades e caracter\u00edsticas da turma. Os alunos despediram-se da melhor forma da Escola&#46;&#46;&#46;<\/p>\n","protected":false},"author":2,"featured_media":10299,"comment_status":"closed","ping_status":"closed","sticky":false,"template":"","format":"standard","meta":{"footnotes":""},"categories":[2,9,13],"tags":[],"class_list":["post-10116","post","type-post","status-publish","format-standard","has-post-thumbnail","hentry","category-atualidade","category-em-foco","category-escola-paulo-quintela"],"_links":{"self":[{"href":"https:\/\/bojornal.pt\/index.php?rest_route=\/wp\/v2\/posts\/10116","targetHints":{"allow":["GET"]}}],"collection":[{"href":"https:\/\/bojornal.pt\/index.php?rest_route=\/wp\/v2\/posts"}],"about":[{"href":"https:\/\/bojornal.pt\/index.php?rest_route=\/wp\/v2\/types\/post"}],"author":[{"embeddable":true,"href":"https:\/\/bojornal.pt\/index.php?rest_route=\/wp\/v2\/users\/2"}],"replies":[{"embeddable":true,"href":"https:\/\/bojornal.pt\/index.php?rest_route=%2Fwp%2Fv2%2Fcomments&post=10116"}],"version-history":[{"count":0,"href":"https:\/\/bojornal.pt\/index.php?rest_route=\/wp\/v2\/posts\/10116\/revisions"}],"wp:featuredmedia":[{"embeddable":true,"href":"https:\/\/bojornal.pt\/index.php?rest_route=\/wp\/v2\/media\/10299"}],"wp:attachment":[{"href":"https:\/\/bojornal.pt\/index.php?rest_route=%2Fwp%2Fv2%2Fmedia&parent=10116"}],"wp:term":[{"taxonomy":"category","embeddable":true,"href":"https:\/\/bojornal.pt\/index.php?rest_route=%2Fwp%2Fv2%2Fcategories&post=10116"},{"taxonomy":"post_tag","embeddable":true,"href":"https:\/\/bojornal.pt\/index.php?rest_route=%2Fwp%2Fv2%2Ftags&post=10116"}],"curies":[{"name":"wp","href":"https:\/\/api.w.org\/{rel}","templated":true}]}}