{"id":10091,"date":"2020-02-18T18:06:59","date_gmt":"2020-02-18T18:06:59","guid":{"rendered":"http:\/\/bojornal.pt\/?p=10091"},"modified":"2021-01-24T23:23:40","modified_gmt":"2021-01-24T23:23:40","slug":"inspiring-future","status":"publish","type":"post","link":"https:\/\/bojornal.pt\/?p=10091","title":{"rendered":"Inspiring Future"},"content":{"rendered":"<p>&nbsp;<\/p>\n<p>A associa\u00e7\u00e3o \u201cInspirar o futuro\u201d trouxe \u00e0 Escola Secund\u00e1ria Em\u00eddio Garcia o \u201cInspiring Future\u201d, um projeto que pretende esclarecer os finalistas do 12.\u00ba ano e os alunos do ensino profissional sobre o discernimento vocacional e acad\u00e9mico dos alunos e tudo o que est\u00e1 relacionado com a transi\u00e7\u00e3o do ensino secund\u00e1rio para o ensino superior e\/ou para o mercado de trabalho.<\/p>\n<p>Esta atividade realizada no passado dia 11 de fevereiro de 2020 e promovida pelo Servi\u00e7o de Psicologia e Orienta\u00e7\u00e3o (SPO) do agrupamento contou com diversas a\u00e7\u00f5es de forma\u00e7\u00e3o no audit\u00f3rio e no Sal\u00e3o Nobre da ESEG, numa iniciativa onde marcaram igualmente presen\u00e7a mais de trinta institui\u00e7\u00f5es de ensino superior de todo o pa\u00eds.<\/p>\n\n\n<figure class=\"wp-block-image size-large\"><a href=\"https:\/\/bojornal.pt\/wp-content\/uploads\/2021\/01\/inspiring-future1-1024x691-1.jpg\"><img loading=\"lazy\" decoding=\"async\" width=\"1024\" height=\"691\" src=\"https:\/\/bojornal.pt\/wp-content\/uploads\/2021\/01\/inspiring-future1-1024x691-1.jpg\" alt=\"\" class=\"wp-image-10510\" srcset=\"https:\/\/bojornal.pt\/wp-content\/uploads\/2021\/01\/inspiring-future1-1024x691-1.jpg 1024w, https:\/\/bojornal.pt\/wp-content\/uploads\/2021\/01\/inspiring-future1-1024x691-1-300x202.jpg 300w, https:\/\/bojornal.pt\/wp-content\/uploads\/2021\/01\/inspiring-future1-1024x691-1-768x518.jpg 768w\" sizes=\"auto, (max-width: 1024px) 100vw, 1024px\" \/><\/a><\/figure>\n","protected":false},"excerpt":{"rendered":"<p>&nbsp; A associa\u00e7\u00e3o \u201cInspirar o futuro\u201d trouxe \u00e0 Escola Secund\u00e1ria Em\u00eddio Garcia o \u201cInspiring Future\u201d, um projeto que pretende esclarecer os finalistas do 12.\u00ba ano e os alunos do ensino profissional sobre o discernimento&#46;&#46;&#46;<\/p>\n","protected":false},"author":2,"featured_media":10510,"comment_status":"closed","ping_status":"closed","sticky":false,"template":"","format":"standard","meta":{"footnotes":""},"categories":[2,9,16],"tags":[],"class_list":["post-10091","post","type-post","status-publish","format-standard","has-post-thumbnail","hentry","category-atualidade","category-em-foco","category-escola-secundaria-emidio-garcia"],"_links":{"self":[{"href":"https:\/\/bojornal.pt\/index.php?rest_route=\/wp\/v2\/posts\/10091","targetHints":{"allow":["GET"]}}],"collection":[{"href":"https:\/\/bojornal.pt\/index.php?rest_route=\/wp\/v2\/posts"}],"about":[{"href":"https:\/\/bojornal.pt\/index.php?rest_route=\/wp\/v2\/types\/post"}],"author":[{"embeddable":true,"href":"https:\/\/bojornal.pt\/index.php?rest_route=\/wp\/v2\/users\/2"}],"replies":[{"embeddable":true,"href":"https:\/\/bojornal.pt\/index.php?rest_route=%2Fwp%2Fv2%2Fcomments&post=10091"}],"version-history":[{"count":0,"href":"https:\/\/bojornal.pt\/index.php?rest_route=\/wp\/v2\/posts\/10091\/revisions"}],"wp:featuredmedia":[{"embeddable":true,"href":"https:\/\/bojornal.pt\/index.php?rest_route=\/wp\/v2\/media\/10510"}],"wp:attachment":[{"href":"https:\/\/bojornal.pt\/index.php?rest_route=%2Fwp%2Fv2%2Fmedia&parent=10091"}],"wp:term":[{"taxonomy":"category","embeddable":true,"href":"https:\/\/bojornal.pt\/index.php?rest_route=%2Fwp%2Fv2%2Fcategories&post=10091"},{"taxonomy":"post_tag","embeddable":true,"href":"https:\/\/bojornal.pt\/index.php?rest_route=%2Fwp%2Fv2%2Ftags&post=10091"}],"curies":[{"name":"wp","href":"https:\/\/api.w.org\/{rel}","templated":true}]}}