{"id":10018,"date":"2020-01-20T19:48:57","date_gmt":"2020-01-20T19:48:57","guid":{"rendered":"http:\/\/bojornal.pt\/?p=10018"},"modified":"2020-12-30T22:30:22","modified_gmt":"2020-12-30T22:30:22","slug":"alunos-de-nono-ano-de-visita-a-madrid","status":"publish","type":"post","link":"https:\/\/bojornal.pt\/?p=10018","title":{"rendered":"Alunos de nono ano de visita a Madrid"},"content":{"rendered":"<p>&nbsp;<\/p>\n<p>Nos passados dias quatro, cinco e seis de janeiro, os alunos de nono ano do nosso Agrupamento tiveram a oportunidade de visitar a emblem\u00e1tica cidade de <strong>Madrid<\/strong>. A viagem foi organizada no \u00e2mbito das disciplinas de Espanhol e Educa\u00e7\u00e3o Moral e Religiosa Cat\u00f3lica. Os professores Alberto Pais, Nelson Parra, Adriano Valadar, F\u00e1tima Brito, H\u00e9lder Sousa e Isabel Barros, foram os acompanhantes que, em apenas tr\u00eas dias, tornaram poss\u00edvel que os alunos visitassem os pontos mais atrativos da capital espanhola.<\/p>\n<p>Segundo os alunos, uma das melhores partes da viagem foi ter sido poss\u00edvel ver diferentes pontos de interesse, conseguindo, assim, corresponder um pouco aos gostos de todos!<\/p>\n<p>Durante o primeiro dia, a caminho de Madrid, passaram pela cidade de <strong>\u00c1vila<\/strong>, onde puderam caminhar pelas muralhas e conhecer um pouco da hist\u00f3ria da cidade, seguindo, depois, viagem para Madrid. Chegados \u00e0 cidade, passearam pelo <strong>Parque do Retiro<\/strong>, apontado pelos alunos como um \u00f3timo local para descontrair e relaxar das horas passadas no autocarro. Seguiu-se uma visita ao <strong>Museu Rainha Sofia<\/strong>, onde puderam ver a famosa obra de Pablo Picasso, \u201cGuernica\u201d, assim como quadros de diversos pintores como Mir\u00f3 e Salvador Dal\u00ed.<\/p>\n<p>J\u00e1 com baterias recarregadas depois de uma noite no Hotel, descrito como muito bom, os visitantes foram conhecer <strong>o Est\u00e1dio Santiago Bernabeu<\/strong> e o respetivo museu. Depois do almo\u00e7o e com as expectativas ao rubro, passaram a tarde no <strong>Parque Tem\u00e1tico Warner Bros<\/strong>, uma experi\u00eancia descrita por muitos como inesquec\u00edvel.<\/p>\n<p>No \u00faltimo dia, os alunos puderam visitar a <strong>Catedral de Santa Maria a Real de Almudena<\/strong>, local que superou as expectativas de todos, em geral. Foram, depois at\u00e9 \u00e0 \u201c<strong>Puerta del Sol\u201d<\/strong>, local onde se encontra a famosa est\u00e1tua do urso e do medronheiro, conhecido como o Km 0 de Espanha. Para finalizar, visitaram a ic\u00f3nica \u201c<strong>Plaza Mayor<\/strong>\u201d, onde compraram as \u00faltimas recorda\u00e7\u00f5es da viagem.<\/p>\n<p>Em suma, todas as cr\u00edticas feitas foram positivas, dando destaque \u00e0 \u00f3tima qualidade do hotel e das refei\u00e7\u00f5es servidas. Tanto alunos como professores classificaram a viagem como uma experi\u00eancia memor\u00e1vel, divertida e enriquecedora, tendo havido momentos para todos os gostos.<\/p>\n<p>A escola tamb\u00e9m se faz de momentos como estes, que ajudam a crescer e fazem mem\u00f3rias para a vida!<\/p>\n<p>&nbsp;<\/p>\n<p><strong>Carolina Rodrigues Afonso, n\u00ba 6, 9\u00baC<\/strong><\/p>\n","protected":false},"excerpt":{"rendered":"<p>&nbsp; Nos passados dias quatro, cinco e seis de janeiro, os alunos de nono ano do nosso Agrupamento tiveram a oportunidade de visitar a emblem\u00e1tica cidade de Madrid. A viagem foi organizada no \u00e2mbito&#46;&#46;&#46;<\/p>\n","protected":false},"author":2,"featured_media":10032,"comment_status":"closed","ping_status":"closed","sticky":false,"template":"","format":"gallery","meta":{"footnotes":""},"categories":[2,9,16],"tags":[],"class_list":["post-10018","post","type-post","status-publish","format-gallery","has-post-thumbnail","hentry","category-atualidade","category-em-foco","category-escola-secundaria-emidio-garcia","post_format-post-format-gallery"],"_links":{"self":[{"href":"https:\/\/bojornal.pt\/index.php?rest_route=\/wp\/v2\/posts\/10018","targetHints":{"allow":["GET"]}}],"collection":[{"href":"https:\/\/bojornal.pt\/index.php?rest_route=\/wp\/v2\/posts"}],"about":[{"href":"https:\/\/bojornal.pt\/index.php?rest_route=\/wp\/v2\/types\/post"}],"author":[{"embeddable":true,"href":"https:\/\/bojornal.pt\/index.php?rest_route=\/wp\/v2\/users\/2"}],"replies":[{"embeddable":true,"href":"https:\/\/bojornal.pt\/index.php?rest_route=%2Fwp%2Fv2%2Fcomments&post=10018"}],"version-history":[{"count":0,"href":"https:\/\/bojornal.pt\/index.php?rest_route=\/wp\/v2\/posts\/10018\/revisions"}],"wp:featuredmedia":[{"embeddable":true,"href":"https:\/\/bojornal.pt\/index.php?rest_route=\/wp\/v2\/media\/10032"}],"wp:attachment":[{"href":"https:\/\/bojornal.pt\/index.php?rest_route=%2Fwp%2Fv2%2Fmedia&parent=10018"}],"wp:term":[{"taxonomy":"category","embeddable":true,"href":"https:\/\/bojornal.pt\/index.php?rest_route=%2Fwp%2Fv2%2Fcategories&post=10018"},{"taxonomy":"post_tag","embeddable":true,"href":"https:\/\/bojornal.pt\/index.php?rest_route=%2Fwp%2Fv2%2Ftags&post=10018"}],"curies":[{"name":"wp","href":"https:\/\/api.w.org\/{rel}","templated":true}]}}